{"id":8574,"date":"2025-06-04T16:26:22","date_gmt":"2025-06-04T16:26:22","guid":{"rendered":"https:\/\/hotelmenapace.it\/?p=8574"},"modified":"2025-06-04T16:26:22","modified_gmt":"2025-06-04T16:26:22","slug":"das-roemische-theater-von-verona","status":"publish","type":"post","link":"https:\/\/hotelmenapace.it\/de\/das-roemische-theater-von-verona\/","title":{"rendered":"Das R\u00f6mische Theater von Verona"},"content":{"rendered":"<p><div class=\"fusion-fullwidth fullwidth-box fusion-builder-row-1 fusion-flex-container has-pattern-background has-mask-background nonhundred-percent-fullwidth non-hundred-percent-height-scrolling\" style=\"--awb-border-radius-top-left:0px;--awb-border-radius-top-right:0px;--awb-border-radius-bottom-right:0px;--awb-border-radius-bottom-left:0px;--awb-flex-wrap:wrap;\" ><div class=\"fusion-builder-row fusion-row fusion-flex-align-items-flex-start fusion-flex-content-wrap\" style=\"max-width:1216.8px;margin-left: calc(-4% \/ 2 );margin-right: calc(-4% \/ 2 );\"><div class=\"fusion-layout-column fusion_builder_column fusion-builder-column-0 fusion_builder_column_1_1 1_1 fusion-flex-column\" style=\"--awb-bg-size:cover;--awb-width-large:100%;--awb-margin-top-large:0px;--awb-spacing-right-large:1.92%;--awb-margin-bottom-large:20px;--awb-spacing-left-large:1.92%;--awb-width-medium:100%;--awb-order-medium:0;--awb-spacing-right-medium:1.92%;--awb-spacing-left-medium:1.92%;--awb-width-small:100%;--awb-order-small:0;--awb-spacing-right-small:1.92%;--awb-spacing-left-small:1.92%;\"><div class=\"fusion-column-wrapper fusion-column-has-shadow fusion-flex-justify-content-flex-start fusion-content-layout-column\"><div class=\"fusion-title title fusion-title-1 fusion-sep-none fusion-title-text fusion-title-size-two\" style=\"--awb-margin-top-small:0px;--awb-margin-right-small:0px;--awb-margin-bottom-small:20px;--awb-margin-left-small:0px;\"><h2 class=\"fusion-title-heading title-heading-left fusion-responsive-typography-calculated\" style=\"margin:0;--fontSize:28;--minFontSize:28;line-height:var(--awb-typography1-line-height);\">Ein Arch\u00e4ologisches Juwel am Ufer der Etsch<\/h2><\/div><div class=\"fusion-separator fusion-full-width-sep\" style=\"align-self: center;margin-left: auto;margin-right: auto;width:100%;\"><div class=\"fusion-separator-border sep-single sep-solid\" style=\"--awb-height:20px;--awb-amount:20px;border-color:var(--awb-color3);border-top-width:1px;\"><\/div><\/div><\/div><\/div><\/div><\/div><div class=\"fusion-fullwidth fullwidth-box fusion-builder-row-2 fusion-flex-container has-pattern-background has-mask-background nonhundred-percent-fullwidth non-hundred-percent-height-scrolling\" style=\"--awb-border-radius-top-left:0px;--awb-border-radius-top-right:0px;--awb-border-radius-bottom-right:0px;--awb-border-radius-bottom-left:0px;--awb-flex-wrap:wrap;\" ><div class=\"fusion-builder-row fusion-row fusion-flex-align-items-flex-start fusion-flex-content-wrap\" style=\"max-width:1216.8px;margin-left: calc(-4% \/ 2 );margin-right: calc(-4% \/ 2 );\"><div class=\"fusion-layout-column fusion_builder_column fusion-builder-column-1 fusion_builder_column_1_1 1_1 fusion-flex-column\" style=\"--awb-bg-size:cover;--awb-width-large:100%;--awb-margin-top-large:0px;--awb-spacing-right-large:1.92%;--awb-margin-bottom-large:20px;--awb-spacing-left-large:1.92%;--awb-width-medium:100%;--awb-order-medium:0;--awb-spacing-right-medium:1.92%;--awb-spacing-left-medium:1.92%;--awb-width-small:100%;--awb-order-small:0;--awb-spacing-right-small:1.92%;--awb-spacing-left-small:1.92%;\"><div class=\"fusion-column-wrapper fusion-column-has-shadow fusion-flex-justify-content-flex-start fusion-content-layout-column\"><div class=\"fusion-text fusion-text-1\"><p data-pm-slice=\"1 1 &#091;&#093;\">Das R\u00f6mische Theater von Verona ist eine der faszinierendsten arch\u00e4ologischen St\u00e4tten Norditaliens und ein au\u00dfergew\u00f6hnliches Zeugnis der antiken <strong>r\u00f6mischen Stadt <em>Verona Augusta<\/em><\/strong>. Am Fu\u00dfe des H\u00fcgels San Pietro, am linken Ufer der Etsch gelegen, ist dieses Theater nicht nur ein historisch bedeutendes Monument, sondern auch ein Symbol kultureller Kontinuit\u00e4t, das bis heute f\u00fcr k\u00fcnstlerische <strong>Veranstaltungen und Auff\u00fchrungen<\/strong> genutzt wird.<\/p>\n<\/div><\/div><\/div><\/div><\/div><div class=\"fusion-fullwidth fullwidth-box fusion-builder-row-3 fusion-flex-container has-pattern-background has-mask-background nonhundred-percent-fullwidth non-hundred-percent-height-scrolling\" style=\"--awb-border-radius-top-left:0px;--awb-border-radius-top-right:0px;--awb-border-radius-bottom-right:0px;--awb-border-radius-bottom-left:0px;--awb-flex-wrap:wrap;\" ><div class=\"fusion-builder-row fusion-row fusion-flex-align-items-flex-start fusion-flex-content-wrap\" style=\"max-width:1216.8px;margin-left: calc(-4% \/ 2 );margin-right: calc(-4% \/ 2 );\"><div class=\"fusion-layout-column fusion_builder_column fusion-builder-column-2 fusion_builder_column_1_1 1_1 fusion-flex-column\" style=\"--awb-bg-size:cover;--awb-width-large:100%;--awb-margin-top-large:0px;--awb-spacing-right-large:1.92%;--awb-margin-bottom-large:20px;--awb-spacing-left-large:1.92%;--awb-width-medium:100%;--awb-order-medium:0;--awb-spacing-right-medium:1.92%;--awb-spacing-left-medium:1.92%;--awb-width-small:100%;--awb-order-small:0;--awb-spacing-right-small:1.92%;--awb-spacing-left-small:1.92%;\"><div class=\"fusion-column-wrapper fusion-column-has-shadow fusion-flex-justify-content-flex-start fusion-content-layout-column\"><div class=\"fusion-image-element \" style=\"--awb-caption-title-font-family:var(--h2_typography-font-family);--awb-caption-title-font-weight:var(--h2_typography-font-weight);--awb-caption-title-font-style:var(--h2_typography-font-style);--awb-caption-title-size:var(--h2_typography-font-size);--awb-caption-title-transform:var(--h2_typography-text-transform);--awb-caption-title-line-height:var(--h2_typography-line-height);--awb-caption-title-letter-spacing:var(--h2_typography-letter-spacing);\"><span class=\" fusion-imageframe imageframe-none imageframe-1 hover-type-none\"><img decoding=\"async\" width=\"800\" height=\"534\" title=\"teatro-romano-verona-01\" src=\"https:\/\/hotelmenapace.it\/wp-content\/uploads\/teatro-romano-verona-01.jpg\" data-orig-src=\"https:\/\/hotelmenapace.it\/wp-content\/uploads\/teatro-romano-verona-01.jpg\" alt class=\"lazyload img-responsive wp-image-8545\" srcset=\"data:image\/svg+xml,%3Csvg%20xmlns%3D%27http%3A%2F%2Fwww.w3.org%2F2000%2Fsvg%27%20width%3D%27800%27%20height%3D%27534%27%20viewBox%3D%270%200%20800%20534%27%3E%3Crect%20width%3D%27800%27%20height%3D%27534%27%20fill-opacity%3D%220%22%2F%3E%3C%2Fsvg%3E\" data-srcset=\"https:\/\/hotelmenapace.it\/wp-content\/uploads\/teatro-romano-verona-01-200x134.jpg 200w, https:\/\/hotelmenapace.it\/wp-content\/uploads\/teatro-romano-verona-01-400x267.jpg 400w, https:\/\/hotelmenapace.it\/wp-content\/uploads\/teatro-romano-verona-01-600x401.jpg 600w, https:\/\/hotelmenapace.it\/wp-content\/uploads\/teatro-romano-verona-01.jpg 800w\" data-sizes=\"auto\" data-orig-sizes=\"(max-width: 1024px) 100vw, (max-width: 640px) 100vw, 800px\" \/><\/span><\/div><\/div><\/div><\/div><\/div><div class=\"fusion-fullwidth fullwidth-box fusion-builder-row-4 fusion-flex-container has-pattern-background has-mask-background nonhundred-percent-fullwidth non-hundred-percent-height-scrolling\" style=\"--awb-border-radius-top-left:0px;--awb-border-radius-top-right:0px;--awb-border-radius-bottom-right:0px;--awb-border-radius-bottom-left:0px;--awb-flex-wrap:wrap;\" ><div class=\"fusion-builder-row fusion-row fusion-flex-align-items-flex-start fusion-flex-content-wrap\" style=\"max-width:1216.8px;margin-left: calc(-4% \/ 2 );margin-right: calc(-4% \/ 2 );\"><div class=\"fusion-layout-column fusion_builder_column fusion-builder-column-3 fusion_builder_column_1_1 1_1 fusion-flex-column\" style=\"--awb-bg-size:cover;--awb-width-large:100%;--awb-margin-top-large:0px;--awb-spacing-right-large:1.92%;--awb-margin-bottom-large:20px;--awb-spacing-left-large:1.92%;--awb-width-medium:100%;--awb-order-medium:0;--awb-spacing-right-medium:1.92%;--awb-spacing-left-medium:1.92%;--awb-width-small:100%;--awb-order-small:0;--awb-spacing-right-small:1.92%;--awb-spacing-left-small:1.92%;\"><div class=\"fusion-column-wrapper fusion-column-has-shadow fusion-flex-justify-content-flex-start fusion-content-layout-column\"><div class=\"fusion-title title fusion-title-2 fusion-sep-none fusion-title-text fusion-title-size-two\" style=\"--awb-margin-top-small:0px;--awb-margin-right-small:0px;--awb-margin-bottom-small:20px;--awb-margin-left-small:0px;\"><h2 class=\"fusion-title-heading title-heading-left fusion-responsive-typography-calculated\" style=\"margin:0;--fontSize:28;--minFontSize:28;line-height:var(--awb-typography1-line-height);\">Urspr\u00fcnge und Geschichte<\/h2><\/div><div class=\"fusion-separator fusion-full-width-sep\" style=\"align-self: center;margin-left: auto;margin-right: auto;width:100%;\"><div class=\"fusion-separator-border sep-single sep-solid\" style=\"--awb-height:20px;--awb-amount:20px;border-color:var(--awb-color3);border-top-width:1px;\"><\/div><\/div><\/div><\/div><\/div><\/div><div class=\"fusion-fullwidth fullwidth-box fusion-builder-row-5 fusion-flex-container has-pattern-background has-mask-background nonhundred-percent-fullwidth non-hundred-percent-height-scrolling\" style=\"--awb-border-radius-top-left:0px;--awb-border-radius-top-right:0px;--awb-border-radius-bottom-right:0px;--awb-border-radius-bottom-left:0px;--awb-flex-wrap:wrap;\" ><div class=\"fusion-builder-row fusion-row fusion-flex-align-items-flex-start fusion-flex-content-wrap\" style=\"max-width:1216.8px;margin-left: calc(-4% \/ 2 );margin-right: calc(-4% \/ 2 );\"><div class=\"fusion-layout-column fusion_builder_column fusion-builder-column-4 fusion_builder_column_1_1 1_1 fusion-flex-column\" style=\"--awb-bg-size:cover;--awb-width-large:100%;--awb-margin-top-large:0px;--awb-spacing-right-large:1.92%;--awb-margin-bottom-large:20px;--awb-spacing-left-large:1.92%;--awb-width-medium:100%;--awb-order-medium:0;--awb-spacing-right-medium:1.92%;--awb-spacing-left-medium:1.92%;--awb-width-small:100%;--awb-order-small:0;--awb-spacing-right-small:1.92%;--awb-spacing-left-small:1.92%;\"><div class=\"fusion-column-wrapper fusion-column-has-shadow fusion-flex-justify-content-flex-start fusion-content-layout-column\"><div class=\"fusion-text fusion-text-2\"><p data-pm-slice=\"1 1 &#091;&#093;\">Das Theater wurde gegen Ende des 1. Jahrhunderts v. Chr. w\u00e4hrend der Expansionszeit des R\u00f6mischen Reiches erbaut. Verona war damals eine strategisch wichtige Kolonie, und das Theater z\u00e4hlte zu den bedeutendsten \u00f6ffentlichen Bauten der Stadt. Wie andere r\u00f6mische Theater wurde auch dieses nach den klassischen architektonischen Prinzipien errichtet: Die <em>Cavea<\/em> (Zuschauerr\u00e4nge) war in den Hang des H\u00fcgels eingebettet, um die nat\u00fcrliche Neigung zu nutzen, w\u00e4hrend die B\u00fchne durch eine monumentale Kulisse geschm\u00fcckt war.<\/p>\n<p>Das Theater bot Platz f\u00fcr etwa 15.000 Zuschauer und wurde f\u00fcr Theaterauff\u00fchrungen, Tanzvorstellungen und \u00f6ffentliche Reden genutzt. Nach dem Fall des R\u00f6mischen Reiches wurde das Theater nach und nach aufgegeben und gepl\u00fcndert: Viele seiner Steine wurden f\u00fcr andere Bauwerke wiederverwendet, und das Gebiet wurde zunehmend von mittelalterlichen Geb\u00e4uden \u00fcberbaut.<\/p>\n<\/div><\/div><\/div><\/div><\/div><div class=\"fusion-fullwidth fullwidth-box fusion-builder-row-6 fusion-flex-container has-pattern-background has-mask-background nonhundred-percent-fullwidth non-hundred-percent-height-scrolling\" style=\"--awb-border-radius-top-left:0px;--awb-border-radius-top-right:0px;--awb-border-radius-bottom-right:0px;--awb-border-radius-bottom-left:0px;--awb-flex-wrap:wrap;\" ><div class=\"fusion-builder-row fusion-row fusion-flex-align-items-flex-start fusion-flex-content-wrap\" style=\"max-width:1216.8px;margin-left: calc(-4% \/ 2 );margin-right: calc(-4% \/ 2 );\"><div class=\"fusion-layout-column fusion_builder_column fusion-builder-column-5 fusion_builder_column_1_1 1_1 fusion-flex-column\" style=\"--awb-bg-size:cover;--awb-width-large:100%;--awb-margin-top-large:0px;--awb-spacing-right-large:1.92%;--awb-margin-bottom-large:20px;--awb-spacing-left-large:1.92%;--awb-width-medium:100%;--awb-order-medium:0;--awb-spacing-right-medium:1.92%;--awb-spacing-left-medium:1.92%;--awb-width-small:100%;--awb-order-small:0;--awb-spacing-right-small:1.92%;--awb-spacing-left-small:1.92%;\"><div class=\"fusion-column-wrapper fusion-column-has-shadow fusion-flex-justify-content-flex-start fusion-content-layout-column\"><div class=\"fusion-image-element \" style=\"--awb-caption-title-font-family:var(--h2_typography-font-family);--awb-caption-title-font-weight:var(--h2_typography-font-weight);--awb-caption-title-font-style:var(--h2_typography-font-style);--awb-caption-title-size:var(--h2_typography-font-size);--awb-caption-title-transform:var(--h2_typography-text-transform);--awb-caption-title-line-height:var(--h2_typography-line-height);--awb-caption-title-letter-spacing:var(--h2_typography-letter-spacing);\"><span class=\" fusion-imageframe imageframe-none imageframe-2 hover-type-none\"><img decoding=\"async\" width=\"800\" height=\"533\" title=\"teatro-romano-verona-04\" src=\"https:\/\/hotelmenapace.it\/wp-content\/uploads\/teatro-romano-verona-04.jpg\" data-orig-src=\"https:\/\/hotelmenapace.it\/wp-content\/uploads\/teatro-romano-verona-04.jpg\" alt class=\"lazyload img-responsive wp-image-8554\" srcset=\"data:image\/svg+xml,%3Csvg%20xmlns%3D%27http%3A%2F%2Fwww.w3.org%2F2000%2Fsvg%27%20width%3D%27800%27%20height%3D%27533%27%20viewBox%3D%270%200%20800%20533%27%3E%3Crect%20width%3D%27800%27%20height%3D%27533%27%20fill-opacity%3D%220%22%2F%3E%3C%2Fsvg%3E\" data-srcset=\"https:\/\/hotelmenapace.it\/wp-content\/uploads\/teatro-romano-verona-04-200x133.jpg 200w, https:\/\/hotelmenapace.it\/wp-content\/uploads\/teatro-romano-verona-04-400x267.jpg 400w, https:\/\/hotelmenapace.it\/wp-content\/uploads\/teatro-romano-verona-04-600x400.jpg 600w, https:\/\/hotelmenapace.it\/wp-content\/uploads\/teatro-romano-verona-04.jpg 800w\" data-sizes=\"auto\" data-orig-sizes=\"(max-width: 1024px) 100vw, (max-width: 640px) 100vw, 800px\" \/><\/span><\/div><\/div><\/div><\/div><\/div><div class=\"fusion-fullwidth fullwidth-box fusion-builder-row-7 fusion-flex-container has-pattern-background has-mask-background nonhundred-percent-fullwidth non-hundred-percent-height-scrolling\" style=\"--awb-border-radius-top-left:0px;--awb-border-radius-top-right:0px;--awb-border-radius-bottom-right:0px;--awb-border-radius-bottom-left:0px;--awb-flex-wrap:wrap;\" ><div class=\"fusion-builder-row fusion-row fusion-flex-align-items-flex-start fusion-flex-content-wrap\" style=\"max-width:1216.8px;margin-left: calc(-4% \/ 2 );margin-right: calc(-4% \/ 2 );\"><div class=\"fusion-layout-column fusion_builder_column fusion-builder-column-6 fusion_builder_column_1_1 1_1 fusion-flex-column\" style=\"--awb-bg-size:cover;--awb-width-large:100%;--awb-margin-top-large:0px;--awb-spacing-right-large:1.92%;--awb-margin-bottom-large:20px;--awb-spacing-left-large:1.92%;--awb-width-medium:100%;--awb-order-medium:0;--awb-spacing-right-medium:1.92%;--awb-spacing-left-medium:1.92%;--awb-width-small:100%;--awb-order-small:0;--awb-spacing-right-small:1.92%;--awb-spacing-left-small:1.92%;\"><div class=\"fusion-column-wrapper fusion-column-has-shadow fusion-flex-justify-content-flex-start fusion-content-layout-column\"><div class=\"fusion-title title fusion-title-3 fusion-sep-none fusion-title-text fusion-title-size-two\" style=\"--awb-margin-top-small:0px;--awb-margin-right-small:0px;--awb-margin-bottom-small:20px;--awb-margin-left-small:0px;\"><h2 class=\"fusion-title-heading title-heading-left fusion-responsive-typography-calculated\" style=\"margin:0;--fontSize:28;--minFontSize:28;line-height:var(--awb-typography1-line-height);\">Wiederentdeckung und Restaurierung<\/h2><\/div><div class=\"fusion-separator fusion-full-width-sep\" style=\"align-self: center;margin-left: auto;margin-right: auto;width:100%;\"><div class=\"fusion-separator-border sep-single sep-solid\" style=\"--awb-height:20px;--awb-amount:20px;border-color:var(--awb-color3);border-top-width:1px;\"><\/div><\/div><\/div><\/div><\/div><\/div><div class=\"fusion-fullwidth fullwidth-box fusion-builder-row-8 fusion-flex-container has-pattern-background has-mask-background nonhundred-percent-fullwidth non-hundred-percent-height-scrolling\" style=\"--awb-border-radius-top-left:0px;--awb-border-radius-top-right:0px;--awb-border-radius-bottom-right:0px;--awb-border-radius-bottom-left:0px;--awb-flex-wrap:wrap;\" ><div class=\"fusion-builder-row fusion-row fusion-flex-align-items-flex-start fusion-flex-content-wrap\" style=\"max-width:1216.8px;margin-left: calc(-4% \/ 2 );margin-right: calc(-4% \/ 2 );\"><div class=\"fusion-layout-column fusion_builder_column fusion-builder-column-7 fusion_builder_column_1_1 1_1 fusion-flex-column\" style=\"--awb-bg-size:cover;--awb-width-large:100%;--awb-margin-top-large:0px;--awb-spacing-right-large:1.92%;--awb-margin-bottom-large:20px;--awb-spacing-left-large:1.92%;--awb-width-medium:100%;--awb-order-medium:0;--awb-spacing-right-medium:1.92%;--awb-spacing-left-medium:1.92%;--awb-width-small:100%;--awb-order-small:0;--awb-spacing-right-small:1.92%;--awb-spacing-left-small:1.92%;\"><div class=\"fusion-column-wrapper fusion-column-has-shadow fusion-flex-justify-content-flex-start fusion-content-layout-column\"><div class=\"fusion-text fusion-text-3\"><p data-start=\"1502\" data-end=\"1934\">Die Wiederentdeckung des R\u00f6mischen Theaters von Verona erfolgte zwischen dem sp\u00e4ten 19. und fr\u00fchen 20. Jahrhundert, dank der arch\u00e4ologischen Ausgrabungen, die von Andrea Monga, einem wohlhabenden Kaufmann und Liebhaber der Antike, initiiert wurden. Monga kaufte die Grundst\u00fccke und H\u00e4user, die \u00fcber dem Theater gebaut worden waren, und schenkte sie der Stadt, womit er einen langen Wiederherstellungsprozess einleitete. Bei den Ausgrabungen wurden gro\u00dfe Teile der Cavea, einige Galerien und die Fundamente der B\u00fchne freigelegt.<\/p>\n<p>Die Restaurierung erm\u00f6glichte es, der \u00d6ffentlichkeit einen Ort von au\u00dfergew\u00f6hnlichem kulturellem und k\u00fcnstlerischem Wert zur\u00fcckzugeben, der heute harmonisch in das Stadtbild Veronas eingebettet ist.<\/p>\n<\/div><\/div><\/div><\/div><\/div><div class=\"fusion-fullwidth fullwidth-box fusion-builder-row-9 fusion-flex-container has-pattern-background has-mask-background nonhundred-percent-fullwidth non-hundred-percent-height-scrolling\" style=\"--awb-border-radius-top-left:0px;--awb-border-radius-top-right:0px;--awb-border-radius-bottom-right:0px;--awb-border-radius-bottom-left:0px;--awb-flex-wrap:wrap;\" ><div class=\"fusion-builder-row fusion-row fusion-flex-align-items-flex-start fusion-flex-content-wrap\" style=\"max-width:1216.8px;margin-left: calc(-4% \/ 2 );margin-right: calc(-4% \/ 2 );\"><div class=\"fusion-layout-column fusion_builder_column fusion-builder-column-8 fusion_builder_column_1_1 1_1 fusion-flex-column\" style=\"--awb-bg-size:cover;--awb-width-large:100%;--awb-margin-top-large:0px;--awb-spacing-right-large:1.92%;--awb-margin-bottom-large:20px;--awb-spacing-left-large:1.92%;--awb-width-medium:100%;--awb-order-medium:0;--awb-spacing-right-medium:1.92%;--awb-spacing-left-medium:1.92%;--awb-width-small:100%;--awb-order-small:0;--awb-spacing-right-small:1.92%;--awb-spacing-left-small:1.92%;\"><div class=\"fusion-column-wrapper fusion-column-has-shadow fusion-flex-justify-content-flex-start fusion-content-layout-column\"><div class=\"fusion-image-element \" style=\"--awb-caption-title-font-family:var(--h2_typography-font-family);--awb-caption-title-font-weight:var(--h2_typography-font-weight);--awb-caption-title-font-style:var(--h2_typography-font-style);--awb-caption-title-size:var(--h2_typography-font-size);--awb-caption-title-transform:var(--h2_typography-text-transform);--awb-caption-title-line-height:var(--h2_typography-line-height);--awb-caption-title-letter-spacing:var(--h2_typography-letter-spacing);\"><span class=\" fusion-imageframe imageframe-none imageframe-3 hover-type-none\"><img decoding=\"async\" width=\"800\" height=\"534\" title=\"teatro-romano-verona-03\" src=\"https:\/\/hotelmenapace.it\/wp-content\/uploads\/teatro-romano-verona-03.jpg\" data-orig-src=\"https:\/\/hotelmenapace.it\/wp-content\/uploads\/teatro-romano-verona-03.jpg\" alt class=\"lazyload img-responsive wp-image-8551\" srcset=\"data:image\/svg+xml,%3Csvg%20xmlns%3D%27http%3A%2F%2Fwww.w3.org%2F2000%2Fsvg%27%20width%3D%27800%27%20height%3D%27534%27%20viewBox%3D%270%200%20800%20534%27%3E%3Crect%20width%3D%27800%27%20height%3D%27534%27%20fill-opacity%3D%220%22%2F%3E%3C%2Fsvg%3E\" data-srcset=\"https:\/\/hotelmenapace.it\/wp-content\/uploads\/teatro-romano-verona-03-200x134.jpg 200w, https:\/\/hotelmenapace.it\/wp-content\/uploads\/teatro-romano-verona-03-400x267.jpg 400w, https:\/\/hotelmenapace.it\/wp-content\/uploads\/teatro-romano-verona-03-600x401.jpg 600w, https:\/\/hotelmenapace.it\/wp-content\/uploads\/teatro-romano-verona-03.jpg 800w\" data-sizes=\"auto\" data-orig-sizes=\"(max-width: 1024px) 100vw, (max-width: 640px) 100vw, 800px\" \/><\/span><\/div><\/div><\/div><\/div><\/div><div class=\"fusion-fullwidth fullwidth-box fusion-builder-row-10 fusion-flex-container has-pattern-background has-mask-background nonhundred-percent-fullwidth non-hundred-percent-height-scrolling\" style=\"--awb-border-radius-top-left:0px;--awb-border-radius-top-right:0px;--awb-border-radius-bottom-right:0px;--awb-border-radius-bottom-left:0px;--awb-flex-wrap:wrap;\" ><div class=\"fusion-builder-row fusion-row fusion-flex-align-items-flex-start fusion-flex-content-wrap\" style=\"max-width:1216.8px;margin-left: calc(-4% \/ 2 );margin-right: calc(-4% \/ 2 );\"><div class=\"fusion-layout-column fusion_builder_column fusion-builder-column-9 fusion_builder_column_1_1 1_1 fusion-flex-column\" style=\"--awb-bg-size:cover;--awb-width-large:100%;--awb-margin-top-large:0px;--awb-spacing-right-large:1.92%;--awb-margin-bottom-large:20px;--awb-spacing-left-large:1.92%;--awb-width-medium:100%;--awb-order-medium:0;--awb-spacing-right-medium:1.92%;--awb-spacing-left-medium:1.92%;--awb-width-small:100%;--awb-order-small:0;--awb-spacing-right-small:1.92%;--awb-spacing-left-small:1.92%;\"><div class=\"fusion-column-wrapper fusion-column-has-shadow fusion-flex-justify-content-flex-start fusion-content-layout-column\"><div class=\"fusion-title title fusion-title-4 fusion-sep-none fusion-title-text fusion-title-size-two\" style=\"--awb-margin-top-small:0px;--awb-margin-right-small:0px;--awb-margin-bottom-small:20px;--awb-margin-left-small:0px;\"><h2 class=\"fusion-title-heading title-heading-left fusion-responsive-typography-calculated\" style=\"margin:0;--fontSize:28;--minFontSize:28;line-height:var(--awb-typography1-line-height);\">Das Theater heute<\/h2><\/div><div class=\"fusion-separator fusion-full-width-sep\" style=\"align-self: center;margin-left: auto;margin-right: auto;width:100%;\"><div class=\"fusion-separator-border sep-single sep-solid\" style=\"--awb-height:20px;--awb-amount:20px;border-color:var(--awb-color3);border-top-width:1px;\"><\/div><\/div><\/div><\/div><\/div><\/div><div class=\"fusion-fullwidth fullwidth-box fusion-builder-row-11 fusion-flex-container has-pattern-background has-mask-background nonhundred-percent-fullwidth non-hundred-percent-height-scrolling\" style=\"--awb-border-radius-top-left:0px;--awb-border-radius-top-right:0px;--awb-border-radius-bottom-right:0px;--awb-border-radius-bottom-left:0px;--awb-flex-wrap:wrap;\" ><div class=\"fusion-builder-row fusion-row fusion-flex-align-items-flex-start fusion-flex-content-wrap\" style=\"max-width:1216.8px;margin-left: calc(-4% \/ 2 );margin-right: calc(-4% \/ 2 );\"><div class=\"fusion-layout-column fusion_builder_column fusion-builder-column-10 fusion_builder_column_1_1 1_1 fusion-flex-column\" style=\"--awb-bg-size:cover;--awb-width-large:100%;--awb-margin-top-large:0px;--awb-spacing-right-large:1.92%;--awb-margin-bottom-large:20px;--awb-spacing-left-large:1.92%;--awb-width-medium:100%;--awb-order-medium:0;--awb-spacing-right-medium:1.92%;--awb-spacing-left-medium:1.92%;--awb-width-small:100%;--awb-order-small:0;--awb-spacing-right-small:1.92%;--awb-spacing-left-small:1.92%;\"><div class=\"fusion-column-wrapper fusion-column-has-shadow fusion-flex-justify-content-flex-start fusion-content-layout-column\"><div class=\"fusion-text fusion-text-4\"><p data-pm-slice=\"1 1 &#091;&#093;\">Heute ist das R\u00f6mische Theater nicht nur eine arch\u00e4ologische Sehensw\u00fcrdigkeit, sondern auch ein lebendiger Veranstaltungsort. Jeden Sommer findet hier das ber\u00fchmte <em>Shakespeare-Festival<\/em> statt, bei dem italienische und internationale Theatergruppen Werke des Barden in einer einzigartigen und stimmungsvollen Kulisse auff\u00fchren. Die hervorragende Akustik und der Panoramablick auf die Etsch machen jede Vorstellung zu einem unvergesslichen Erlebnis.<\/p>\n<p>Angrenzend an das Theater befindet sich auch das <em>Arch\u00e4ologische Museum am R\u00f6mischen Theater<\/em>, untergebracht im ehemaligen Jesuitenkonvent. Das Museum bewahrt Fundst\u00fccke aus den Ausgrabungen und bietet einen umfassenden Einblick in das r\u00f6mische Verona, mit Mosaiken, Statuen, Inschriften und Alltagsgegenst\u00e4nden.<\/p>\n<\/div><\/div><\/div><\/div><\/div><div class=\"fusion-fullwidth fullwidth-box fusion-builder-row-12 fusion-flex-container has-pattern-background has-mask-background nonhundred-percent-fullwidth non-hundred-percent-height-scrolling\" style=\"--awb-border-radius-top-left:0px;--awb-border-radius-top-right:0px;--awb-border-radius-bottom-right:0px;--awb-border-radius-bottom-left:0px;--awb-flex-wrap:wrap;\" ><div class=\"fusion-builder-row fusion-row fusion-flex-align-items-flex-start fusion-flex-content-wrap\" style=\"max-width:1216.8px;margin-left: calc(-4% \/ 2 );margin-right: calc(-4% \/ 2 );\"><div class=\"fusion-layout-column fusion_builder_column fusion-builder-column-11 fusion_builder_column_1_1 1_1 fusion-flex-column\" style=\"--awb-bg-size:cover;--awb-width-large:100%;--awb-margin-top-large:0px;--awb-spacing-right-large:1.92%;--awb-margin-bottom-large:20px;--awb-spacing-left-large:1.92%;--awb-width-medium:100%;--awb-order-medium:0;--awb-spacing-right-medium:1.92%;--awb-spacing-left-medium:1.92%;--awb-width-small:100%;--awb-order-small:0;--awb-spacing-right-small:1.92%;--awb-spacing-left-small:1.92%;\"><div class=\"fusion-column-wrapper fusion-column-has-shadow fusion-flex-justify-content-flex-start fusion-content-layout-column\"><div class=\"fusion-image-carousel fusion-image-carousel-auto fusion-image-carousel-1\"><div class=\"awb-carousel awb-swiper awb-swiper-carousel awb-carousel--carousel awb-swiper-dots-position-bottom\" data-layout=\"carousel\" data-autoplay=\"yes\" data-autoplayspeed=\"2500\" data-autoplaypause=\"no\" data-loop=\"yes\" data-columns=\"1.0\" data-columnsmedium=\"1\" data-columnssmall=\"1\" data-itemmargin=\"13\" data-itemwidth=\"180\" data-touchscroll=\"no\" data-freemode=\"no\" data-imagesize=\"auto\" data-scrollitems=\"0\" data-centeredslides=\"no\" data-rotationangle=\"50\" data-depth=\"100\" data-speed=\"500\" data-shadow=\"no\" data-pagination=\"bullets\" style=\"--awb-columns:1.0;--awb-dots-align:center;\"><div class=\"swiper-wrapper awb-image-carousel-wrapper fusion-flex-align-items-center\"><div class=\"swiper-slide\"><div class=\"fusion-carousel-item-wrapper\"><div class=\"fusion-image-wrapper hover-type-none\"><img decoding=\"async\" width=\"810\" height=\"539\" src=\"https:\/\/hotelmenapace.it\/wp-content\/uploads\/teatro-romano-verona-05.jpg\" class=\"attachment-full size-full lazyload\" alt=\"\" srcset=\"data:image\/svg+xml,%3Csvg%20xmlns%3D%27http%3A%2F%2Fwww.w3.org%2F2000%2Fsvg%27%20width%3D%27810%27%20height%3D%27539%27%20viewBox%3D%270%200%20810%20539%27%3E%3Crect%20width%3D%27810%27%20height%3D%27539%27%20fill-opacity%3D%220%22%2F%3E%3C%2Fsvg%3E\" data-orig-src=\"https:\/\/hotelmenapace.it\/wp-content\/uploads\/teatro-romano-verona-05.jpg\" data-srcset=\"https:\/\/hotelmenapace.it\/wp-content\/uploads\/teatro-romano-verona-05-200x133.jpg 200w, https:\/\/hotelmenapace.it\/wp-content\/uploads\/teatro-romano-verona-05-300x200.jpg 300w, https:\/\/hotelmenapace.it\/wp-content\/uploads\/teatro-romano-verona-05-400x266.jpg 400w, https:\/\/hotelmenapace.it\/wp-content\/uploads\/teatro-romano-verona-05-600x399.jpg 600w, https:\/\/hotelmenapace.it\/wp-content\/uploads\/teatro-romano-verona-05-768x511.jpg 768w, https:\/\/hotelmenapace.it\/wp-content\/uploads\/teatro-romano-verona-05-800x532.jpg 800w, https:\/\/hotelmenapace.it\/wp-content\/uploads\/teatro-romano-verona-05.jpg 810w\" data-sizes=\"auto\" \/><\/div><\/div><\/div><div class=\"swiper-slide\"><div class=\"fusion-carousel-item-wrapper\"><div class=\"fusion-image-wrapper hover-type-none\"><img decoding=\"async\" width=\"800\" height=\"533\" src=\"https:\/\/hotelmenapace.it\/wp-content\/uploads\/teatro-romano-verona-09.jpg\" class=\"attachment-full size-full lazyload\" alt=\"\" srcset=\"data:image\/svg+xml,%3Csvg%20xmlns%3D%27http%3A%2F%2Fwww.w3.org%2F2000%2Fsvg%27%20width%3D%27800%27%20height%3D%27533%27%20viewBox%3D%270%200%20800%20533%27%3E%3Crect%20width%3D%27800%27%20height%3D%27533%27%20fill-opacity%3D%220%22%2F%3E%3C%2Fsvg%3E\" data-orig-src=\"https:\/\/hotelmenapace.it\/wp-content\/uploads\/teatro-romano-verona-09.jpg\" data-srcset=\"https:\/\/hotelmenapace.it\/wp-content\/uploads\/teatro-romano-verona-09-200x133.jpg 200w, https:\/\/hotelmenapace.it\/wp-content\/uploads\/teatro-romano-verona-09-300x200.jpg 300w, https:\/\/hotelmenapace.it\/wp-content\/uploads\/teatro-romano-verona-09-400x267.jpg 400w, https:\/\/hotelmenapace.it\/wp-content\/uploads\/teatro-romano-verona-09-600x400.jpg 600w, https:\/\/hotelmenapace.it\/wp-content\/uploads\/teatro-romano-verona-09-768x512.jpg 768w, https:\/\/hotelmenapace.it\/wp-content\/uploads\/teatro-romano-verona-09.jpg 800w\" data-sizes=\"auto\" \/><\/div><\/div><\/div><div class=\"swiper-slide\"><div class=\"fusion-carousel-item-wrapper\"><div class=\"fusion-image-wrapper hover-type-none\"><img decoding=\"async\" width=\"800\" height=\"533\" src=\"https:\/\/hotelmenapace.it\/wp-content\/uploads\/teatro-romano-verona-07.jpg\" class=\"attachment-full size-full lazyload\" alt=\"\" srcset=\"data:image\/svg+xml,%3Csvg%20xmlns%3D%27http%3A%2F%2Fwww.w3.org%2F2000%2Fsvg%27%20width%3D%27800%27%20height%3D%27533%27%20viewBox%3D%270%200%20800%20533%27%3E%3Crect%20width%3D%27800%27%20height%3D%27533%27%20fill-opacity%3D%220%22%2F%3E%3C%2Fsvg%3E\" data-orig-src=\"https:\/\/hotelmenapace.it\/wp-content\/uploads\/teatro-romano-verona-07.jpg\" data-srcset=\"https:\/\/hotelmenapace.it\/wp-content\/uploads\/teatro-romano-verona-07-200x133.jpg 200w, https:\/\/hotelmenapace.it\/wp-content\/uploads\/teatro-romano-verona-07-300x200.jpg 300w, https:\/\/hotelmenapace.it\/wp-content\/uploads\/teatro-romano-verona-07-400x267.jpg 400w, https:\/\/hotelmenapace.it\/wp-content\/uploads\/teatro-romano-verona-07-600x400.jpg 600w, https:\/\/hotelmenapace.it\/wp-content\/uploads\/teatro-romano-verona-07-768x512.jpg 768w, https:\/\/hotelmenapace.it\/wp-content\/uploads\/teatro-romano-verona-07.jpg 800w\" data-sizes=\"auto\" \/><\/div><\/div><\/div><\/div><div class=\"awb-swiper-button awb-swiper-button-prev\"><i class=\"awb-icon-angle-left\" aria-hidden=\"true\"><\/i><\/div><div class=\"awb-swiper-button awb-swiper-button-next\"><i class=\"awb-icon-angle-right\" aria-hidden=\"true\"><\/i><\/div><\/div><\/div><\/div><\/div><\/div><\/div><div class=\"fusion-fullwidth fullwidth-box fusion-builder-row-13 fusion-flex-container has-pattern-background has-mask-background nonhundred-percent-fullwidth non-hundred-percent-height-scrolling\" style=\"--awb-border-radius-top-left:0px;--awb-border-radius-top-right:0px;--awb-border-radius-bottom-right:0px;--awb-border-radius-bottom-left:0px;--awb-flex-wrap:wrap;\" ><div class=\"fusion-builder-row fusion-row fusion-flex-align-items-flex-start fusion-flex-content-wrap\" style=\"max-width:1216.8px;margin-left: calc(-4% \/ 2 );margin-right: calc(-4% \/ 2 );\"><div class=\"fusion-layout-column fusion_builder_column fusion-builder-column-12 fusion_builder_column_1_1 1_1 fusion-flex-column\" style=\"--awb-bg-size:cover;--awb-width-large:100%;--awb-margin-top-large:0px;--awb-spacing-right-large:1.92%;--awb-margin-bottom-large:20px;--awb-spacing-left-large:1.92%;--awb-width-medium:100%;--awb-order-medium:0;--awb-spacing-right-medium:1.92%;--awb-spacing-left-medium:1.92%;--awb-width-small:100%;--awb-order-small:0;--awb-spacing-right-small:1.92%;--awb-spacing-left-small:1.92%;\"><div class=\"fusion-column-wrapper fusion-column-has-shadow fusion-flex-justify-content-flex-start fusion-content-layout-column\"><div class=\"fusion-text fusion-text-5\"><p data-pm-slice=\"1 1 &#091;&#093;\">Das R\u00f6mische Theater von Verona ist weit mehr als ein antikes Bauwerk: Es ist eine Br\u00fccke zwischen Vergangenheit und Gegenwart, ein Ort, an dem Geschichte und zeitgen\u00f6ssische Kunst aufeinandertreffen. Ein Besuch bedeutet eine Zeitreise und die Wiederentdeckung der Wurzeln einer Stadt, die seit \u00fcber zweitausend Jahren die Sch\u00f6nheit von Kultur und Schauspiel feiert.<\/p>\n<\/div><\/div><\/div><\/div><\/div><\/p>\n","protected":false},"excerpt":{"rendered":"","protected":false},"author":1,"featured_media":8545,"comment_status":"closed","ping_status":"closed","sticky":false,"template":"","format":"standard","meta":{"ngg_post_thumbnail":0,"footnotes":""},"categories":[42],"tags":[],"class_list":["post-8574","post","type-post","status-publish","format-standard","has-post-thumbnail","hentry","category-besichtigung"],"yoast_head":"<!-- This site is optimized with the Yoast SEO plugin v27.4 - https:\/\/yoast.com\/product\/yoast-seo-wordpress\/ -->\n<title>Das R\u00f6mische Theater von Verona - Hotel Menapace<\/title>\n<meta name=\"robots\" content=\"index, follow, max-snippet:-1, max-image-preview:large, max-video-preview:-1\" \/>\n<link rel=\"canonical\" href=\"https:\/\/hotelmenapace.it\/de\/das-roemische-theater-von-verona\/\" \/>\n<meta property=\"og:locale\" content=\"de_DE\" \/>\n<meta property=\"og:type\" content=\"article\" \/>\n<meta property=\"og:title\" content=\"Das R\u00f6mische Theater von Verona - Hotel Menapace\" \/>\n<meta property=\"og:url\" content=\"https:\/\/hotelmenapace.it\/de\/das-roemische-theater-von-verona\/\" \/>\n<meta property=\"og:site_name\" content=\"Hotel Menapace\" \/>\n<meta property=\"article:published_time\" content=\"2025-06-04T16:26:22+00:00\" \/>\n<meta property=\"og:image\" content=\"https:\/\/hotelmenapace.it\/wp-content\/uploads\/teatro-romano-verona-01.jpg\" \/>\n\t<meta property=\"og:image:width\" content=\"800\" \/>\n\t<meta property=\"og:image:height\" content=\"534\" \/>\n\t<meta property=\"og:image:type\" content=\"image\/jpeg\" \/>\n<meta name=\"author\" content=\"admin\" \/>\n<meta name=\"twitter:card\" content=\"summary_large_image\" \/>\n<meta name=\"twitter:label1\" content=\"Verfasst von\" \/>\n\t<meta name=\"twitter:data1\" content=\"admin\" \/>\n\t<meta name=\"twitter:label2\" content=\"Gesch\u00e4tzte Lesezeit\" \/>\n\t<meta name=\"twitter:data2\" content=\"4\u00a0Minuten\" \/>\n<script type=\"application\/ld+json\" class=\"yoast-schema-graph\">{\"@context\":\"https:\\\/\\\/schema.org\",\"@graph\":[{\"@type\":\"Article\",\"@id\":\"https:\\\/\\\/hotelmenapace.it\\\/de\\\/das-roemische-theater-von-verona\\\/#article\",\"isPartOf\":{\"@id\":\"https:\\\/\\\/hotelmenapace.it\\\/de\\\/das-roemische-theater-von-verona\\\/\"},\"author\":{\"name\":\"admin\",\"@id\":\"\\\/#\\\/schema\\\/person\\\/313a67f22008d666ea61dfeb50f45c6c\"},\"headline\":\"Das R\u00f6mische Theater von Verona\",\"datePublished\":\"2025-06-04T16:26:22+00:00\",\"mainEntityOfPage\":{\"@id\":\"https:\\\/\\\/hotelmenapace.it\\\/de\\\/das-roemische-theater-von-verona\\\/\"},\"wordCount\":8351,\"image\":{\"@id\":\"https:\\\/\\\/hotelmenapace.it\\\/de\\\/das-roemische-theater-von-verona\\\/#primaryimage\"},\"thumbnailUrl\":\"https:\\\/\\\/hotelmenapace.it\\\/wp-content\\\/uploads\\\/teatro-romano-verona-01.jpg\",\"articleSection\":[\"Besichtigung\"],\"inLanguage\":\"de\"},{\"@type\":\"WebPage\",\"@id\":\"https:\\\/\\\/hotelmenapace.it\\\/de\\\/das-roemische-theater-von-verona\\\/\",\"url\":\"https:\\\/\\\/hotelmenapace.it\\\/de\\\/das-roemische-theater-von-verona\\\/\",\"name\":\"Das R\u00f6mische Theater von Verona - Hotel Menapace\",\"isPartOf\":{\"@id\":\"\\\/#website\"},\"primaryImageOfPage\":{\"@id\":\"https:\\\/\\\/hotelmenapace.it\\\/de\\\/das-roemische-theater-von-verona\\\/#primaryimage\"},\"image\":{\"@id\":\"https:\\\/\\\/hotelmenapace.it\\\/de\\\/das-roemische-theater-von-verona\\\/#primaryimage\"},\"thumbnailUrl\":\"https:\\\/\\\/hotelmenapace.it\\\/wp-content\\\/uploads\\\/teatro-romano-verona-01.jpg\",\"datePublished\":\"2025-06-04T16:26:22+00:00\",\"author\":{\"@id\":\"\\\/#\\\/schema\\\/person\\\/313a67f22008d666ea61dfeb50f45c6c\"},\"inLanguage\":\"de\",\"potentialAction\":[{\"@type\":\"ReadAction\",\"target\":[\"https:\\\/\\\/hotelmenapace.it\\\/de\\\/das-roemische-theater-von-verona\\\/\"]}]},{\"@type\":\"ImageObject\",\"inLanguage\":\"de\",\"@id\":\"https:\\\/\\\/hotelmenapace.it\\\/de\\\/das-roemische-theater-von-verona\\\/#primaryimage\",\"url\":\"https:\\\/\\\/hotelmenapace.it\\\/wp-content\\\/uploads\\\/teatro-romano-verona-01.jpg\",\"contentUrl\":\"https:\\\/\\\/hotelmenapace.it\\\/wp-content\\\/uploads\\\/teatro-romano-verona-01.jpg\",\"width\":800,\"height\":534},{\"@type\":\"WebSite\",\"@id\":\"\\\/#website\",\"url\":\"\\\/\",\"name\":\"Hotel Menapace\",\"description\":\"Pai - Torri del Benaco - Lago di Garda\",\"potentialAction\":[{\"@type\":\"SearchAction\",\"target\":{\"@type\":\"EntryPoint\",\"urlTemplate\":\"\\\/?s={search_term_string}\"},\"query-input\":{\"@type\":\"PropertyValueSpecification\",\"valueRequired\":true,\"valueName\":\"search_term_string\"}}],\"inLanguage\":\"de\"},{\"@type\":\"Person\",\"@id\":\"\\\/#\\\/schema\\\/person\\\/313a67f22008d666ea61dfeb50f45c6c\",\"name\":\"admin\",\"image\":{\"@type\":\"ImageObject\",\"inLanguage\":\"de\",\"@id\":\"https:\\\/\\\/secure.gravatar.com\\\/avatar\\\/bb16c298ba01be5f6e1bb98bc31fcc39f8c45f589113076c2684f905854dece5?s=96&d=mm&r=g\",\"url\":\"https:\\\/\\\/secure.gravatar.com\\\/avatar\\\/bb16c298ba01be5f6e1bb98bc31fcc39f8c45f589113076c2684f905854dece5?s=96&d=mm&r=g\",\"contentUrl\":\"https:\\\/\\\/secure.gravatar.com\\\/avatar\\\/bb16c298ba01be5f6e1bb98bc31fcc39f8c45f589113076c2684f905854dece5?s=96&d=mm&r=g\",\"caption\":\"admin\"},\"url\":\"https:\\\/\\\/hotelmenapace.it\\\/de\\\/author\\\/admin\\\/\"}]}<\/script>\n<!-- \/ Yoast SEO plugin. -->","yoast_head_json":{"title":"Das R\u00f6mische Theater von Verona - Hotel Menapace","robots":{"index":"index","follow":"follow","max-snippet":"max-snippet:-1","max-image-preview":"max-image-preview:large","max-video-preview":"max-video-preview:-1"},"canonical":"https:\/\/hotelmenapace.it\/de\/das-roemische-theater-von-verona\/","og_locale":"de_DE","og_type":"article","og_title":"Das R\u00f6mische Theater von Verona - Hotel Menapace","og_url":"https:\/\/hotelmenapace.it\/de\/das-roemische-theater-von-verona\/","og_site_name":"Hotel Menapace","article_published_time":"2025-06-04T16:26:22+00:00","og_image":[{"width":800,"height":534,"url":"https:\/\/hotelmenapace.it\/wp-content\/uploads\/teatro-romano-verona-01.jpg","type":"image\/jpeg"}],"author":"admin","twitter_card":"summary_large_image","twitter_misc":{"Verfasst von":"admin","Gesch\u00e4tzte Lesezeit":"4\u00a0Minuten"},"schema":{"@context":"https:\/\/schema.org","@graph":[{"@type":"Article","@id":"https:\/\/hotelmenapace.it\/de\/das-roemische-theater-von-verona\/#article","isPartOf":{"@id":"https:\/\/hotelmenapace.it\/de\/das-roemische-theater-von-verona\/"},"author":{"name":"admin","@id":"\/#\/schema\/person\/313a67f22008d666ea61dfeb50f45c6c"},"headline":"Das R\u00f6mische Theater von Verona","datePublished":"2025-06-04T16:26:22+00:00","mainEntityOfPage":{"@id":"https:\/\/hotelmenapace.it\/de\/das-roemische-theater-von-verona\/"},"wordCount":8351,"image":{"@id":"https:\/\/hotelmenapace.it\/de\/das-roemische-theater-von-verona\/#primaryimage"},"thumbnailUrl":"https:\/\/hotelmenapace.it\/wp-content\/uploads\/teatro-romano-verona-01.jpg","articleSection":["Besichtigung"],"inLanguage":"de"},{"@type":"WebPage","@id":"https:\/\/hotelmenapace.it\/de\/das-roemische-theater-von-verona\/","url":"https:\/\/hotelmenapace.it\/de\/das-roemische-theater-von-verona\/","name":"Das R\u00f6mische Theater von Verona - Hotel Menapace","isPartOf":{"@id":"\/#website"},"primaryImageOfPage":{"@id":"https:\/\/hotelmenapace.it\/de\/das-roemische-theater-von-verona\/#primaryimage"},"image":{"@id":"https:\/\/hotelmenapace.it\/de\/das-roemische-theater-von-verona\/#primaryimage"},"thumbnailUrl":"https:\/\/hotelmenapace.it\/wp-content\/uploads\/teatro-romano-verona-01.jpg","datePublished":"2025-06-04T16:26:22+00:00","author":{"@id":"\/#\/schema\/person\/313a67f22008d666ea61dfeb50f45c6c"},"inLanguage":"de","potentialAction":[{"@type":"ReadAction","target":["https:\/\/hotelmenapace.it\/de\/das-roemische-theater-von-verona\/"]}]},{"@type":"ImageObject","inLanguage":"de","@id":"https:\/\/hotelmenapace.it\/de\/das-roemische-theater-von-verona\/#primaryimage","url":"https:\/\/hotelmenapace.it\/wp-content\/uploads\/teatro-romano-verona-01.jpg","contentUrl":"https:\/\/hotelmenapace.it\/wp-content\/uploads\/teatro-romano-verona-01.jpg","width":800,"height":534},{"@type":"WebSite","@id":"\/#website","url":"\/","name":"Hotel Menapace","description":"Pai - Torri del Benaco - Lago di Garda","potentialAction":[{"@type":"SearchAction","target":{"@type":"EntryPoint","urlTemplate":"\/?s={search_term_string}"},"query-input":{"@type":"PropertyValueSpecification","valueRequired":true,"valueName":"search_term_string"}}],"inLanguage":"de"},{"@type":"Person","@id":"\/#\/schema\/person\/313a67f22008d666ea61dfeb50f45c6c","name":"admin","image":{"@type":"ImageObject","inLanguage":"de","@id":"https:\/\/secure.gravatar.com\/avatar\/bb16c298ba01be5f6e1bb98bc31fcc39f8c45f589113076c2684f905854dece5?s=96&d=mm&r=g","url":"https:\/\/secure.gravatar.com\/avatar\/bb16c298ba01be5f6e1bb98bc31fcc39f8c45f589113076c2684f905854dece5?s=96&d=mm&r=g","contentUrl":"https:\/\/secure.gravatar.com\/avatar\/bb16c298ba01be5f6e1bb98bc31fcc39f8c45f589113076c2684f905854dece5?s=96&d=mm&r=g","caption":"admin"},"url":"https:\/\/hotelmenapace.it\/de\/author\/admin\/"}]}},"_links":{"self":[{"href":"https:\/\/hotelmenapace.it\/de\/wp-json\/wp\/v2\/posts\/8574","targetHints":{"allow":["GET"]}}],"collection":[{"href":"https:\/\/hotelmenapace.it\/de\/wp-json\/wp\/v2\/posts"}],"about":[{"href":"https:\/\/hotelmenapace.it\/de\/wp-json\/wp\/v2\/types\/post"}],"author":[{"embeddable":true,"href":"https:\/\/hotelmenapace.it\/de\/wp-json\/wp\/v2\/users\/1"}],"replies":[{"embeddable":true,"href":"https:\/\/hotelmenapace.it\/de\/wp-json\/wp\/v2\/comments?post=8574"}],"version-history":[{"count":3,"href":"https:\/\/hotelmenapace.it\/de\/wp-json\/wp\/v2\/posts\/8574\/revisions"}],"predecessor-version":[{"id":8577,"href":"https:\/\/hotelmenapace.it\/de\/wp-json\/wp\/v2\/posts\/8574\/revisions\/8577"}],"wp:featuredmedia":[{"embeddable":true,"href":"https:\/\/hotelmenapace.it\/de\/wp-json\/wp\/v2\/media\/8545"}],"wp:attachment":[{"href":"https:\/\/hotelmenapace.it\/de\/wp-json\/wp\/v2\/media?parent=8574"}],"wp:term":[{"taxonomy":"category","embeddable":true,"href":"https:\/\/hotelmenapace.it\/de\/wp-json\/wp\/v2\/categories?post=8574"},{"taxonomy":"post_tag","embeddable":true,"href":"https:\/\/hotelmenapace.it\/de\/wp-json\/wp\/v2\/tags?post=8574"}],"curies":[{"name":"wp","href":"https:\/\/api.w.org\/{rel}","templated":true}]}}