{"id":7841,"date":"2024-02-14T17:36:04","date_gmt":"2024-02-14T17:36:04","guid":{"rendered":"https:\/\/hotelmenapace.it\/?p=7841"},"modified":"2024-02-19T17:06:16","modified_gmt":"2024-02-19T17:06:16","slug":"zitronen-vom-gardasee","status":"publish","type":"post","link":"https:\/\/hotelmenapace.it\/de\/zitronen-vom-gardasee\/","title":{"rendered":"Zitronen vom Gardasee"},"content":{"rendered":"<p><div class=\"fusion-fullwidth fullwidth-box fusion-builder-row-1 fusion-flex-container has-pattern-background has-mask-background nonhundred-percent-fullwidth non-hundred-percent-height-scrolling\" style=\"--awb-border-radius-top-left:0px;--awb-border-radius-top-right:0px;--awb-border-radius-bottom-right:0px;--awb-border-radius-bottom-left:0px;--awb-flex-wrap:wrap;\" ><div class=\"fusion-builder-row fusion-row fusion-flex-align-items-flex-start fusion-flex-content-wrap\" style=\"max-width:1216.8px;margin-left: calc(-4% \/ 2 );margin-right: calc(-4% \/ 2 );\"><div class=\"fusion-layout-column fusion_builder_column fusion-builder-column-0 fusion_builder_column_1_1 1_1 fusion-flex-column\" style=\"--awb-bg-size:cover;--awb-width-large:100%;--awb-margin-top-large:0px;--awb-spacing-right-large:1.92%;--awb-margin-bottom-large:20px;--awb-spacing-left-large:1.92%;--awb-width-medium:100%;--awb-order-medium:0;--awb-spacing-right-medium:1.92%;--awb-spacing-left-medium:1.92%;--awb-width-small:100%;--awb-order-small:0;--awb-spacing-right-small:1.92%;--awb-spacing-left-small:1.92%;\"><div class=\"fusion-column-wrapper fusion-column-has-shadow fusion-flex-justify-content-flex-start fusion-content-layout-column\"><div class=\"fusion-text fusion-text-1\"><p><span style=\"font-weight: 400;\">Zitronen sind Fr\u00fcchte, die urspr\u00fcnglich aus <\/span><b>China und Indien stammen<\/b><span style=\"font-weight: 400;\"> und von den <\/span><b>Arabern <\/b><span style=\"font-weight: 400;\">nach Europa eingef\u00fchrt wurden.<\/span><\/p>\n<p><span style=\"font-weight: 400;\">In S\u00fcd- und Mittelitalien kultiviert, kamen sie an den Gardasee, wo sie vom <\/span><b>Heiligen Franz von Assisi<\/b><span style=\"font-weight: 400;\"> und seinen M\u00f6nchen, die in <\/span><b>Gargnano am Westufer des Gardasees ein Kloster gr\u00fcndeten,<\/b><span style=\"font-weight: 400;\"> eingef\u00fchrt wurden.<\/span><\/p>\n<p><span style=\"font-weight: 400;\">Davon zeugen auch die <\/span><b>Flachreliefs<\/b><span style=\"font-weight: 400;\">, die die Frucht auf den <\/span><b>S\u00e4ulenkapitellen des Kreuzgangs<\/b><span style=\"font-weight: 400;\"> von Sankt Franziskus in Gargnano darstellen.<\/span><\/p>\n<\/div><\/div><\/div><\/div><\/div><div class=\"fusion-fullwidth fullwidth-box fusion-builder-row-2 fusion-flex-container has-pattern-background has-mask-background nonhundred-percent-fullwidth non-hundred-percent-height-scrolling\" style=\"--awb-border-radius-top-left:0px;--awb-border-radius-top-right:0px;--awb-border-radius-bottom-right:0px;--awb-border-radius-bottom-left:0px;--awb-flex-wrap:wrap;\" ><div class=\"fusion-builder-row fusion-row fusion-flex-align-items-flex-start fusion-flex-content-wrap\" style=\"max-width:1216.8px;margin-left: calc(-4% \/ 2 );margin-right: calc(-4% \/ 2 );\"><div class=\"fusion-layout-column fusion_builder_column fusion-builder-column-1 fusion_builder_column_1_1 1_1 fusion-flex-column\" style=\"--awb-bg-size:cover;--awb-width-large:100%;--awb-margin-top-large:0px;--awb-spacing-right-large:1.92%;--awb-margin-bottom-large:20px;--awb-spacing-left-large:1.92%;--awb-width-medium:100%;--awb-order-medium:0;--awb-spacing-right-medium:1.92%;--awb-spacing-left-medium:1.92%;--awb-width-small:100%;--awb-order-small:0;--awb-spacing-right-small:1.92%;--awb-spacing-left-small:1.92%;\"><div class=\"fusion-column-wrapper fusion-column-has-shadow fusion-flex-justify-content-flex-start fusion-content-layout-column\"><div class=\"fusion-image-element \" style=\"--awb-caption-title-font-family:var(--h2_typography-font-family);--awb-caption-title-font-weight:var(--h2_typography-font-weight);--awb-caption-title-font-style:var(--h2_typography-font-style);--awb-caption-title-size:var(--h2_typography-font-size);--awb-caption-title-transform:var(--h2_typography-text-transform);--awb-caption-title-line-height:var(--h2_typography-line-height);--awb-caption-title-letter-spacing:var(--h2_typography-letter-spacing);\"><span class=\" fusion-imageframe imageframe-none imageframe-1 hover-type-none\" style=\"border:10px solid var(--awb-color2);\"><img decoding=\"async\" width=\"1080\" height=\"810\" title=\"limoni-del-lago-di-garda-11\" src=\"https:\/\/hotelmenapace.it\/wp-content\/uploads\/limoni-del-lago-di-garda-11.jpg\" data-orig-src=\"https:\/\/hotelmenapace.it\/wp-content\/uploads\/limoni-del-lago-di-garda-11.jpg\" alt class=\"lazyload img-responsive wp-image-7807\" srcset=\"data:image\/svg+xml,%3Csvg%20xmlns%3D%27http%3A%2F%2Fwww.w3.org%2F2000%2Fsvg%27%20width%3D%271080%27%20height%3D%27810%27%20viewBox%3D%270%200%201080%20810%27%3E%3Crect%20width%3D%271080%27%20height%3D%27810%27%20fill-opacity%3D%220%22%2F%3E%3C%2Fsvg%3E\" data-srcset=\"https:\/\/hotelmenapace.it\/wp-content\/uploads\/limoni-del-lago-di-garda-11-200x150.jpg 200w, https:\/\/hotelmenapace.it\/wp-content\/uploads\/limoni-del-lago-di-garda-11-400x300.jpg 400w, https:\/\/hotelmenapace.it\/wp-content\/uploads\/limoni-del-lago-di-garda-11-600x450.jpg 600w, https:\/\/hotelmenapace.it\/wp-content\/uploads\/limoni-del-lago-di-garda-11-800x600.jpg 800w, https:\/\/hotelmenapace.it\/wp-content\/uploads\/limoni-del-lago-di-garda-11.jpg 1080w\" data-sizes=\"auto\" data-orig-sizes=\"(max-width: 1024px) 100vw, (max-width: 640px) 100vw, 1080px\" \/><\/span><\/div><\/div><\/div><\/div><\/div><div class=\"fusion-fullwidth fullwidth-box fusion-builder-row-3 fusion-flex-container has-pattern-background has-mask-background nonhundred-percent-fullwidth non-hundred-percent-height-scrolling\" style=\"--awb-border-radius-top-left:0px;--awb-border-radius-top-right:0px;--awb-border-radius-bottom-right:0px;--awb-border-radius-bottom-left:0px;--awb-flex-wrap:wrap;\" ><div class=\"fusion-builder-row fusion-row fusion-flex-align-items-flex-start fusion-flex-content-wrap\" style=\"max-width:1216.8px;margin-left: calc(-4% \/ 2 );margin-right: calc(-4% \/ 2 );\"><div class=\"fusion-layout-column fusion_builder_column fusion-builder-column-2 fusion_builder_column_1_1 1_1 fusion-flex-column\" style=\"--awb-bg-size:cover;--awb-width-large:100%;--awb-margin-top-large:0px;--awb-spacing-right-large:1.92%;--awb-margin-bottom-large:20px;--awb-spacing-left-large:1.92%;--awb-width-medium:100%;--awb-order-medium:0;--awb-spacing-right-medium:1.92%;--awb-spacing-left-medium:1.92%;--awb-width-small:100%;--awb-order-small:0;--awb-spacing-right-small:1.92%;--awb-spacing-left-small:1.92%;\"><div class=\"fusion-column-wrapper fusion-column-has-shadow fusion-flex-justify-content-flex-start fusion-content-layout-column\"><div class=\"fusion-text fusion-text-2\"><p><span style=\"font-weight: 400;\">Das <strong>milde Klima<\/strong> des Gardasees erm\u00f6glichte die <strong>Anpflanzung<\/strong> von Pflanzen, die in zunehmendem Ma\u00dfe im gesamten Seegebiet angebaut wurden, vor allem aber auf der <strong>Westseite<\/strong>, die von den warmen Strahlen der <strong>Morgensonne<\/strong> verw\u00f6hnt wird.<\/span><\/p>\n<p><span style=\"font-weight: 400;\">Dann wurden die charakteristischen <strong>Zitronenh\u00e4user<\/strong> gebaut, um die Pflanzen vor der Winterk\u00e4lte zu <strong>sch\u00fctzen<\/strong>, indem sie mit Planen abgedeckt wurden, die sie vor <strong>Nachtfrost und Wind<\/strong> sch\u00fctzten.<\/span><\/p>\n<\/div><\/div><\/div><\/div><\/div><div class=\"fusion-fullwidth fullwidth-box fusion-builder-row-4 fusion-flex-container has-pattern-background has-mask-background nonhundred-percent-fullwidth non-hundred-percent-height-scrolling\" style=\"--awb-border-radius-top-left:0px;--awb-border-radius-top-right:0px;--awb-border-radius-bottom-right:0px;--awb-border-radius-bottom-left:0px;--awb-flex-wrap:wrap;\" ><div class=\"fusion-builder-row fusion-row fusion-flex-align-items-flex-start fusion-flex-content-wrap\" style=\"max-width:1216.8px;margin-left: calc(-4% \/ 2 );margin-right: calc(-4% \/ 2 );\"><div class=\"fusion-layout-column fusion_builder_column fusion-builder-column-3 fusion_builder_column_1_1 1_1 fusion-flex-column\" style=\"--awb-bg-size:cover;--awb-width-large:100%;--awb-margin-top-large:0px;--awb-spacing-right-large:1.92%;--awb-margin-bottom-large:20px;--awb-spacing-left-large:1.92%;--awb-width-medium:100%;--awb-order-medium:0;--awb-spacing-right-medium:1.92%;--awb-spacing-left-medium:1.92%;--awb-width-small:100%;--awb-order-small:0;--awb-spacing-right-small:1.92%;--awb-spacing-left-small:1.92%;\"><div class=\"fusion-column-wrapper fusion-column-has-shadow fusion-flex-justify-content-flex-start fusion-content-layout-column\"><div class=\"fusion-image-element \" style=\"--awb-caption-title-font-family:var(--h2_typography-font-family);--awb-caption-title-font-weight:var(--h2_typography-font-weight);--awb-caption-title-font-style:var(--h2_typography-font-style);--awb-caption-title-size:var(--h2_typography-font-size);--awb-caption-title-transform:var(--h2_typography-text-transform);--awb-caption-title-line-height:var(--h2_typography-line-height);--awb-caption-title-letter-spacing:var(--h2_typography-letter-spacing);\"><span class=\" fusion-imageframe imageframe-none imageframe-2 hover-type-none\" style=\"border:10px solid var(--awb-color2);\"><img decoding=\"async\" width=\"1080\" height=\"810\" title=\"limoni-del-lago-di-garda-05\" src=\"https:\/\/hotelmenapace.it\/wp-content\/uploads\/limoni-del-lago-di-garda-05.jpg\" data-orig-src=\"https:\/\/hotelmenapace.it\/wp-content\/uploads\/limoni-del-lago-di-garda-05.jpg\" alt class=\"lazyload img-responsive wp-image-7789\" srcset=\"data:image\/svg+xml,%3Csvg%20xmlns%3D%27http%3A%2F%2Fwww.w3.org%2F2000%2Fsvg%27%20width%3D%271080%27%20height%3D%27810%27%20viewBox%3D%270%200%201080%20810%27%3E%3Crect%20width%3D%271080%27%20height%3D%27810%27%20fill-opacity%3D%220%22%2F%3E%3C%2Fsvg%3E\" data-srcset=\"https:\/\/hotelmenapace.it\/wp-content\/uploads\/limoni-del-lago-di-garda-05-200x150.jpg 200w, https:\/\/hotelmenapace.it\/wp-content\/uploads\/limoni-del-lago-di-garda-05-400x300.jpg 400w, https:\/\/hotelmenapace.it\/wp-content\/uploads\/limoni-del-lago-di-garda-05-600x450.jpg 600w, https:\/\/hotelmenapace.it\/wp-content\/uploads\/limoni-del-lago-di-garda-05-800x600.jpg 800w, https:\/\/hotelmenapace.it\/wp-content\/uploads\/limoni-del-lago-di-garda-05.jpg 1080w\" data-sizes=\"auto\" data-orig-sizes=\"(max-width: 1024px) 100vw, (max-width: 640px) 100vw, 1080px\" \/><\/span><\/div><\/div><\/div><\/div><\/div><div class=\"fusion-fullwidth fullwidth-box fusion-builder-row-5 fusion-flex-container has-pattern-background has-mask-background nonhundred-percent-fullwidth non-hundred-percent-height-scrolling\" style=\"--awb-border-radius-top-left:0px;--awb-border-radius-top-right:0px;--awb-border-radius-bottom-right:0px;--awb-border-radius-bottom-left:0px;--awb-flex-wrap:wrap;\" ><div class=\"fusion-builder-row fusion-row fusion-flex-align-items-flex-start fusion-flex-content-wrap\" style=\"max-width:1216.8px;margin-left: calc(-4% \/ 2 );margin-right: calc(-4% \/ 2 );\"><div class=\"fusion-layout-column fusion_builder_column fusion-builder-column-4 fusion_builder_column_1_1 1_1 fusion-flex-column\" style=\"--awb-bg-size:cover;--awb-width-large:100%;--awb-margin-top-large:0px;--awb-spacing-right-large:1.92%;--awb-margin-bottom-large:20px;--awb-spacing-left-large:1.92%;--awb-width-medium:100%;--awb-order-medium:0;--awb-spacing-right-medium:1.92%;--awb-spacing-left-medium:1.92%;--awb-width-small:100%;--awb-order-small:0;--awb-spacing-right-small:1.92%;--awb-spacing-left-small:1.92%;\"><div class=\"fusion-column-wrapper fusion-column-has-shadow fusion-flex-justify-content-flex-start fusion-content-layout-column\"><div class=\"fusion-text fusion-text-3\"><p><span style=\"font-weight: 400;\">Gegen die Gefahr kalter Witterung abgesichert, wurde der <\/span><b>Zitronenanbau intensiviert<\/b><span style=\"font-weight: 400;\"> und das brescianische Seeufer von Limone bis Sal\u00f2 wurde als <\/span><b>n\u00f6rdlichstes Zitrusanbaugebiet der Welt<\/b><span style=\"font-weight: 400;\"> (46\u00b0 n\u00f6rdlicher Breite) bekannt.<\/span><\/p>\n<p><span style=\"font-weight: 400;\">So begann der Handel mit Zitronen nach <\/span><b>Deutschland und Russland<\/b><span style=\"font-weight: 400;\">, wo sie vor allem aus zwei Gr\u00fcnden sehr gefragt waren: zum einen wegen ihres hohen Gehalts an <\/span><b>Vitamin C<\/b><span style=\"font-weight: 400;\">, das bei der Bek\u00e4mpfung von <\/span><b>Skorbut<\/b><span style=\"font-weight: 400;\">, einer damals in Europa weit verbreiteten Krankheit, sehr n\u00fctzlich war. Zweitens wegen ihrer <\/span><b>Zitronens\u00e4ure<\/b><span style=\"font-weight: 400;\">, die damals nur aus Zitronen gewonnen wurde und als <\/span><b>Konservierungs- und Desinfektionsmittel<\/b><span style=\"font-weight: 400;\"> f\u00fcr Lebensmittel verwendet wurde.<\/span><\/p>\n<\/div><\/div><\/div><\/div><\/div><div class=\"fusion-fullwidth fullwidth-box fusion-builder-row-6 fusion-flex-container has-pattern-background has-mask-background nonhundred-percent-fullwidth non-hundred-percent-height-scrolling\" style=\"--awb-border-radius-top-left:0px;--awb-border-radius-top-right:0px;--awb-border-radius-bottom-right:0px;--awb-border-radius-bottom-left:0px;--awb-flex-wrap:wrap;\" ><div class=\"fusion-builder-row fusion-row fusion-flex-align-items-flex-start fusion-flex-content-wrap\" style=\"max-width:1216.8px;margin-left: calc(-4% \/ 2 );margin-right: calc(-4% \/ 2 );\"><div class=\"fusion-layout-column fusion_builder_column fusion-builder-column-5 fusion_builder_column_1_1 1_1 fusion-flex-column\" style=\"--awb-bg-size:cover;--awb-width-large:100%;--awb-margin-top-large:0px;--awb-spacing-right-large:1.92%;--awb-margin-bottom-large:20px;--awb-spacing-left-large:1.92%;--awb-width-medium:100%;--awb-order-medium:0;--awb-spacing-right-medium:1.92%;--awb-spacing-left-medium:1.92%;--awb-width-small:100%;--awb-order-small:0;--awb-spacing-right-small:1.92%;--awb-spacing-left-small:1.92%;\"><div class=\"fusion-column-wrapper fusion-column-has-shadow fusion-flex-justify-content-flex-start fusion-content-layout-column\"><div class=\"fusion-image-element \" style=\"--awb-caption-title-font-family:var(--h2_typography-font-family);--awb-caption-title-font-weight:var(--h2_typography-font-weight);--awb-caption-title-font-style:var(--h2_typography-font-style);--awb-caption-title-size:var(--h2_typography-font-size);--awb-caption-title-transform:var(--h2_typography-text-transform);--awb-caption-title-line-height:var(--h2_typography-line-height);--awb-caption-title-letter-spacing:var(--h2_typography-letter-spacing);\"><span class=\" fusion-imageframe imageframe-none imageframe-3 hover-type-none\" style=\"border:10px solid var(--awb-color2);\"><img decoding=\"async\" width=\"1080\" height=\"810\" title=\"limoni-del-lago-di-garda-06\" src=\"https:\/\/hotelmenapace.it\/wp-content\/uploads\/limoni-del-lago-di-garda-06.jpg\" data-orig-src=\"https:\/\/hotelmenapace.it\/wp-content\/uploads\/limoni-del-lago-di-garda-06.jpg\" alt class=\"lazyload img-responsive wp-image-7792\" srcset=\"data:image\/svg+xml,%3Csvg%20xmlns%3D%27http%3A%2F%2Fwww.w3.org%2F2000%2Fsvg%27%20width%3D%271080%27%20height%3D%27810%27%20viewBox%3D%270%200%201080%20810%27%3E%3Crect%20width%3D%271080%27%20height%3D%27810%27%20fill-opacity%3D%220%22%2F%3E%3C%2Fsvg%3E\" data-srcset=\"https:\/\/hotelmenapace.it\/wp-content\/uploads\/limoni-del-lago-di-garda-06-200x150.jpg 200w, https:\/\/hotelmenapace.it\/wp-content\/uploads\/limoni-del-lago-di-garda-06-400x300.jpg 400w, https:\/\/hotelmenapace.it\/wp-content\/uploads\/limoni-del-lago-di-garda-06-600x450.jpg 600w, https:\/\/hotelmenapace.it\/wp-content\/uploads\/limoni-del-lago-di-garda-06-800x600.jpg 800w, https:\/\/hotelmenapace.it\/wp-content\/uploads\/limoni-del-lago-di-garda-06.jpg 1080w\" data-sizes=\"auto\" data-orig-sizes=\"(max-width: 1024px) 100vw, (max-width: 640px) 100vw, 1080px\" \/><\/span><\/div><\/div><\/div><\/div><\/div><div class=\"fusion-fullwidth fullwidth-box fusion-builder-row-7 fusion-flex-container has-pattern-background has-mask-background nonhundred-percent-fullwidth non-hundred-percent-height-scrolling\" style=\"--awb-border-radius-top-left:0px;--awb-border-radius-top-right:0px;--awb-border-radius-bottom-right:0px;--awb-border-radius-bottom-left:0px;--awb-flex-wrap:wrap;\" ><div class=\"fusion-builder-row fusion-row fusion-flex-align-items-flex-start fusion-flex-content-wrap\" style=\"max-width:1216.8px;margin-left: calc(-4% \/ 2 );margin-right: calc(-4% \/ 2 );\"><div class=\"fusion-layout-column fusion_builder_column fusion-builder-column-6 fusion_builder_column_1_1 1_1 fusion-flex-column\" style=\"--awb-bg-size:cover;--awb-width-large:100%;--awb-margin-top-large:0px;--awb-spacing-right-large:1.92%;--awb-margin-bottom-large:20px;--awb-spacing-left-large:1.92%;--awb-width-medium:100%;--awb-order-medium:0;--awb-spacing-right-medium:1.92%;--awb-spacing-left-medium:1.92%;--awb-width-small:100%;--awb-order-small:0;--awb-spacing-right-small:1.92%;--awb-spacing-left-small:1.92%;\"><div class=\"fusion-column-wrapper fusion-column-has-shadow fusion-flex-justify-content-flex-start fusion-content-layout-column\"><div class=\"fusion-text fusion-text-4\"><p><span style=\"font-weight: 400;\">Diese T\u00e4tigkeit f\u00fchrte zu einem<\/span><b> radikalen Wandel in der Wirtschaft<\/b><span style=\"font-weight: 400;\"> der Region, Fischer, Z\u00fcchter und Landwirte widmeten sich diesem weitaus lukrativeren Handel, der auch zur <\/span><b>Umsiedlung ganzer Familien<\/b><span style=\"font-weight: 400;\"> aus dem bergigen Hinterland an den See f\u00fchrte.<\/span><\/p>\n<p><span style=\"font-weight: 400;\">Die n\u00f6rdlichsten Staaten, die die wichtigsten Importeure von Zitrusfr\u00fcchten waren, zogen die Zitronen vom Gardasee denen aus S\u00fcditalien vor, weil die <\/span><b>Durchgangsz\u00f6lle <\/b><span style=\"font-weight: 400;\">zwischen den verschiedenen Gemeinden des noch geeinten Italiens <\/span><b>geringer <\/b><span style=\"font-weight: 400;\">waren und weil die <\/span><b>Frucht k\u00e4lteresistenter <\/b><span style=\"font-weight: 400;\">war.<\/span><\/p>\n<\/div><\/div><\/div><\/div><\/div><div class=\"fusion-fullwidth fullwidth-box fusion-builder-row-8 fusion-flex-container has-pattern-background has-mask-background nonhundred-percent-fullwidth non-hundred-percent-height-scrolling\" style=\"--awb-border-radius-top-left:0px;--awb-border-radius-top-right:0px;--awb-border-radius-bottom-right:0px;--awb-border-radius-bottom-left:0px;--awb-flex-wrap:wrap;\" ><div class=\"fusion-builder-row fusion-row fusion-flex-align-items-flex-start fusion-flex-content-wrap\" style=\"max-width:1216.8px;margin-left: calc(-4% \/ 2 );margin-right: calc(-4% \/ 2 );\"><div class=\"fusion-layout-column fusion_builder_column fusion-builder-column-7 fusion_builder_column_1_1 1_1 fusion-flex-column\" style=\"--awb-bg-size:cover;--awb-width-large:100%;--awb-margin-top-large:0px;--awb-spacing-right-large:1.92%;--awb-margin-bottom-large:20px;--awb-spacing-left-large:1.92%;--awb-width-medium:100%;--awb-order-medium:0;--awb-spacing-right-medium:1.92%;--awb-spacing-left-medium:1.92%;--awb-width-small:100%;--awb-order-small:0;--awb-spacing-right-small:1.92%;--awb-spacing-left-small:1.92%;\"><div class=\"fusion-column-wrapper fusion-column-has-shadow fusion-flex-justify-content-flex-start fusion-content-layout-column\"><div class=\"fusion-image-element \" style=\"--awb-caption-title-font-family:var(--h2_typography-font-family);--awb-caption-title-font-weight:var(--h2_typography-font-weight);--awb-caption-title-font-style:var(--h2_typography-font-style);--awb-caption-title-size:var(--h2_typography-font-size);--awb-caption-title-transform:var(--h2_typography-text-transform);--awb-caption-title-line-height:var(--h2_typography-line-height);--awb-caption-title-letter-spacing:var(--h2_typography-letter-spacing);\"><span class=\" fusion-imageframe imageframe-none imageframe-4 hover-type-none\" style=\"border:10px solid var(--awb-color2);\"><img decoding=\"async\" width=\"1080\" height=\"810\" title=\"limoni-del-lago-di-garda-07\" src=\"https:\/\/hotelmenapace.it\/wp-content\/uploads\/limoni-del-lago-di-garda-07.jpg\" data-orig-src=\"https:\/\/hotelmenapace.it\/wp-content\/uploads\/limoni-del-lago-di-garda-07.jpg\" alt class=\"lazyload img-responsive wp-image-7795\" srcset=\"data:image\/svg+xml,%3Csvg%20xmlns%3D%27http%3A%2F%2Fwww.w3.org%2F2000%2Fsvg%27%20width%3D%271080%27%20height%3D%27810%27%20viewBox%3D%270%200%201080%20810%27%3E%3Crect%20width%3D%271080%27%20height%3D%27810%27%20fill-opacity%3D%220%22%2F%3E%3C%2Fsvg%3E\" data-srcset=\"https:\/\/hotelmenapace.it\/wp-content\/uploads\/limoni-del-lago-di-garda-07-200x150.jpg 200w, https:\/\/hotelmenapace.it\/wp-content\/uploads\/limoni-del-lago-di-garda-07-400x300.jpg 400w, https:\/\/hotelmenapace.it\/wp-content\/uploads\/limoni-del-lago-di-garda-07-600x450.jpg 600w, https:\/\/hotelmenapace.it\/wp-content\/uploads\/limoni-del-lago-di-garda-07-800x600.jpg 800w, https:\/\/hotelmenapace.it\/wp-content\/uploads\/limoni-del-lago-di-garda-07.jpg 1080w\" data-sizes=\"auto\" data-orig-sizes=\"(max-width: 1024px) 100vw, (max-width: 640px) 100vw, 1080px\" \/><\/span><\/div><\/div><\/div><\/div><\/div><div class=\"fusion-fullwidth fullwidth-box fusion-builder-row-9 fusion-flex-container has-pattern-background has-mask-background nonhundred-percent-fullwidth non-hundred-percent-height-scrolling\" style=\"--awb-border-radius-top-left:0px;--awb-border-radius-top-right:0px;--awb-border-radius-bottom-right:0px;--awb-border-radius-bottom-left:0px;--awb-flex-wrap:wrap;\" ><div class=\"fusion-builder-row fusion-row fusion-flex-align-items-flex-start fusion-flex-content-wrap\" style=\"max-width:1216.8px;margin-left: calc(-4% \/ 2 );margin-right: calc(-4% \/ 2 );\"><div class=\"fusion-layout-column fusion_builder_column fusion-builder-column-8 fusion_builder_column_1_1 1_1 fusion-flex-column\" style=\"--awb-bg-size:cover;--awb-width-large:100%;--awb-margin-top-large:0px;--awb-spacing-right-large:1.92%;--awb-margin-bottom-large:20px;--awb-spacing-left-large:1.92%;--awb-width-medium:100%;--awb-order-medium:0;--awb-spacing-right-medium:1.92%;--awb-spacing-left-medium:1.92%;--awb-width-small:100%;--awb-order-small:0;--awb-spacing-right-small:1.92%;--awb-spacing-left-small:1.92%;\"><div class=\"fusion-column-wrapper fusion-column-has-shadow fusion-flex-justify-content-flex-start fusion-content-layout-column\"><div class=\"fusion-text fusion-text-5\"><p><span style=\"font-weight: 400;\"><strong>Das \u00e4nderte sich, als 1861 mit der Einigung Italiens<\/strong> die Binnenz\u00f6lle abgeschafft wurden und Zitronen aus S\u00fcditalien, die das ganze Jahr \u00fcber im Freien angebaut wurden und geringere Produktionskosten aufwiesen, mit den Zitronen vom Gardasee konkurrierten, die Industrie M\u00f6glichkeiten zur Herstellung <\/span><b>synthetischer Zitronens\u00e4ure<\/b><span style=\"font-weight: 400;\"> entdeckte und der Skorbut ausgerottet wurde.<\/span><\/p>\n<p><span style=\"font-weight: 400;\">Die <\/span><b>Produktion begann zu sinken<\/b><span style=\"font-weight: 400;\"> und verschwand fast vollst\u00e4ndig mit dem Aufkommen des Tourismus am See.<\/span><\/p>\n<\/div><\/div><\/div><\/div><\/div><div class=\"fusion-fullwidth fullwidth-box fusion-builder-row-10 fusion-flex-container has-pattern-background has-mask-background nonhundred-percent-fullwidth non-hundred-percent-height-scrolling\" style=\"--awb-border-radius-top-left:0px;--awb-border-radius-top-right:0px;--awb-border-radius-bottom-right:0px;--awb-border-radius-bottom-left:0px;--awb-flex-wrap:wrap;\" ><div class=\"fusion-builder-row fusion-row fusion-flex-align-items-flex-start fusion-flex-content-wrap\" style=\"max-width:1216.8px;margin-left: calc(-4% \/ 2 );margin-right: calc(-4% \/ 2 );\"><div class=\"fusion-layout-column fusion_builder_column fusion-builder-column-9 fusion_builder_column_1_1 1_1 fusion-flex-column\" style=\"--awb-bg-size:cover;--awb-width-large:100%;--awb-margin-top-large:0px;--awb-spacing-right-large:1.92%;--awb-margin-bottom-large:20px;--awb-spacing-left-large:1.92%;--awb-width-medium:100%;--awb-order-medium:0;--awb-spacing-right-medium:1.92%;--awb-spacing-left-medium:1.92%;--awb-width-small:100%;--awb-order-small:0;--awb-spacing-right-small:1.92%;--awb-spacing-left-small:1.92%;\"><div class=\"fusion-column-wrapper fusion-column-has-shadow fusion-flex-justify-content-flex-start fusion-content-layout-column\"><div class=\"fusion-image-carousel fusion-image-carousel-auto fusion-image-carousel-1 fusion-carousel-border\"><div class=\"awb-carousel awb-swiper awb-swiper-carousel awb-carousel--carousel awb-swiper-dots-position-bottom\" data-layout=\"carousel\" data-autoplay=\"yes\" data-autoplayspeed=\"2500\" data-autoplaypause=\"no\" data-loop=\"yes\" data-columns=\"1\" data-columnsmedium=\"1\" data-columnssmall=\"1\" data-itemmargin=\"13\" data-itemwidth=\"180\" data-touchscroll=\"no\" data-freemode=\"no\" data-imagesize=\"auto\" data-scrollitems=\"0\" data-centeredslides=\"no\" data-rotationangle=\"50\" data-depth=\"100\" data-speed=\"500\" data-shadow=\"no\" data-pagination=\"bullets\" style=\"--awb-columns:1;--awb-border-width:1px;--awb-border-color:#e9eaee;\"><div class=\"swiper-wrapper awb-image-carousel-wrapper fusion-flex-align-items-center\"><div class=\"swiper-slide\"><div class=\"fusion-carousel-item-wrapper\"><div class=\"fusion-image-wrapper hover-type-none\"><img decoding=\"async\" width=\"1080\" height=\"810\" src=\"https:\/\/hotelmenapace.it\/wp-content\/uploads\/limoni-del-lago-di-garda-14-2.jpg\" class=\"attachment-full size-full lazyload\" alt=\"\" srcset=\"data:image\/svg+xml,%3Csvg%20xmlns%3D%27http%3A%2F%2Fwww.w3.org%2F2000%2Fsvg%27%20width%3D%271080%27%20height%3D%27810%27%20viewBox%3D%270%200%201080%20810%27%3E%3Crect%20width%3D%271080%27%20height%3D%27810%27%20fill-opacity%3D%220%22%2F%3E%3C%2Fsvg%3E\" data-orig-src=\"https:\/\/hotelmenapace.it\/wp-content\/uploads\/limoni-del-lago-di-garda-14-2.jpg\" data-srcset=\"https:\/\/hotelmenapace.it\/wp-content\/uploads\/limoni-del-lago-di-garda-14-2-200x150.jpg 200w, https:\/\/hotelmenapace.it\/wp-content\/uploads\/limoni-del-lago-di-garda-14-2-300x225.jpg 300w, https:\/\/hotelmenapace.it\/wp-content\/uploads\/limoni-del-lago-di-garda-14-2-400x300.jpg 400w, https:\/\/hotelmenapace.it\/wp-content\/uploads\/limoni-del-lago-di-garda-14-2-500x375.jpg 500w, https:\/\/hotelmenapace.it\/wp-content\/uploads\/limoni-del-lago-di-garda-14-2-600x450.jpg 600w, https:\/\/hotelmenapace.it\/wp-content\/uploads\/limoni-del-lago-di-garda-14-2-768x576.jpg 768w, https:\/\/hotelmenapace.it\/wp-content\/uploads\/limoni-del-lago-di-garda-14-2-800x600.jpg 800w, https:\/\/hotelmenapace.it\/wp-content\/uploads\/limoni-del-lago-di-garda-14-2-1024x768.jpg 1024w, https:\/\/hotelmenapace.it\/wp-content\/uploads\/limoni-del-lago-di-garda-14-2.jpg 1080w\" data-sizes=\"auto\" \/><\/div><\/div><\/div><div class=\"swiper-slide\"><div class=\"fusion-carousel-item-wrapper\"><div class=\"fusion-image-wrapper hover-type-none\"><img decoding=\"async\" width=\"1080\" height=\"810\" src=\"https:\/\/hotelmenapace.it\/wp-content\/uploads\/limoni-del-lago-di-garda-18.jpg\" class=\"attachment-full size-full lazyload\" alt=\"\" srcset=\"data:image\/svg+xml,%3Csvg%20xmlns%3D%27http%3A%2F%2Fwww.w3.org%2F2000%2Fsvg%27%20width%3D%271080%27%20height%3D%27810%27%20viewBox%3D%270%200%201080%20810%27%3E%3Crect%20width%3D%271080%27%20height%3D%27810%27%20fill-opacity%3D%220%22%2F%3E%3C%2Fsvg%3E\" data-orig-src=\"https:\/\/hotelmenapace.it\/wp-content\/uploads\/limoni-del-lago-di-garda-18.jpg\" data-srcset=\"https:\/\/hotelmenapace.it\/wp-content\/uploads\/limoni-del-lago-di-garda-18-200x150.jpg 200w, https:\/\/hotelmenapace.it\/wp-content\/uploads\/limoni-del-lago-di-garda-18-300x225.jpg 300w, https:\/\/hotelmenapace.it\/wp-content\/uploads\/limoni-del-lago-di-garda-18-400x300.jpg 400w, https:\/\/hotelmenapace.it\/wp-content\/uploads\/limoni-del-lago-di-garda-18-500x375.jpg 500w, https:\/\/hotelmenapace.it\/wp-content\/uploads\/limoni-del-lago-di-garda-18-600x450.jpg 600w, https:\/\/hotelmenapace.it\/wp-content\/uploads\/limoni-del-lago-di-garda-18-768x576.jpg 768w, https:\/\/hotelmenapace.it\/wp-content\/uploads\/limoni-del-lago-di-garda-18-800x600.jpg 800w, https:\/\/hotelmenapace.it\/wp-content\/uploads\/limoni-del-lago-di-garda-18-1024x768.jpg 1024w, https:\/\/hotelmenapace.it\/wp-content\/uploads\/limoni-del-lago-di-garda-18.jpg 1080w\" data-sizes=\"auto\" \/><\/div><\/div><\/div><div class=\"swiper-slide\"><div class=\"fusion-carousel-item-wrapper\"><div class=\"fusion-image-wrapper hover-type-none\"><img decoding=\"async\" width=\"1080\" height=\"810\" src=\"https:\/\/hotelmenapace.it\/wp-content\/uploads\/limoni-del-lago-di-garda-17.jpg\" class=\"attachment-full size-full lazyload\" alt=\"\" srcset=\"data:image\/svg+xml,%3Csvg%20xmlns%3D%27http%3A%2F%2Fwww.w3.org%2F2000%2Fsvg%27%20width%3D%271080%27%20height%3D%27810%27%20viewBox%3D%270%200%201080%20810%27%3E%3Crect%20width%3D%271080%27%20height%3D%27810%27%20fill-opacity%3D%220%22%2F%3E%3C%2Fsvg%3E\" data-orig-src=\"https:\/\/hotelmenapace.it\/wp-content\/uploads\/limoni-del-lago-di-garda-17.jpg\" data-srcset=\"https:\/\/hotelmenapace.it\/wp-content\/uploads\/limoni-del-lago-di-garda-17-200x150.jpg 200w, https:\/\/hotelmenapace.it\/wp-content\/uploads\/limoni-del-lago-di-garda-17-300x225.jpg 300w, https:\/\/hotelmenapace.it\/wp-content\/uploads\/limoni-del-lago-di-garda-17-400x300.jpg 400w, https:\/\/hotelmenapace.it\/wp-content\/uploads\/limoni-del-lago-di-garda-17-500x375.jpg 500w, https:\/\/hotelmenapace.it\/wp-content\/uploads\/limoni-del-lago-di-garda-17-600x450.jpg 600w, https:\/\/hotelmenapace.it\/wp-content\/uploads\/limoni-del-lago-di-garda-17-768x576.jpg 768w, https:\/\/hotelmenapace.it\/wp-content\/uploads\/limoni-del-lago-di-garda-17-800x600.jpg 800w, https:\/\/hotelmenapace.it\/wp-content\/uploads\/limoni-del-lago-di-garda-17-1024x768.jpg 1024w, https:\/\/hotelmenapace.it\/wp-content\/uploads\/limoni-del-lago-di-garda-17.jpg 1080w\" data-sizes=\"auto\" \/><\/div><\/div><\/div><div class=\"swiper-slide\"><div class=\"fusion-carousel-item-wrapper\"><div class=\"fusion-image-wrapper hover-type-none\"><img decoding=\"async\" width=\"1080\" height=\"810\" src=\"https:\/\/hotelmenapace.it\/wp-content\/uploads\/limoni-del-lago-di-garda-16.jpg\" class=\"attachment-full size-full lazyload\" alt=\"\" srcset=\"data:image\/svg+xml,%3Csvg%20xmlns%3D%27http%3A%2F%2Fwww.w3.org%2F2000%2Fsvg%27%20width%3D%271080%27%20height%3D%27810%27%20viewBox%3D%270%200%201080%20810%27%3E%3Crect%20width%3D%271080%27%20height%3D%27810%27%20fill-opacity%3D%220%22%2F%3E%3C%2Fsvg%3E\" data-orig-src=\"https:\/\/hotelmenapace.it\/wp-content\/uploads\/limoni-del-lago-di-garda-16.jpg\" data-srcset=\"https:\/\/hotelmenapace.it\/wp-content\/uploads\/limoni-del-lago-di-garda-16-200x150.jpg 200w, https:\/\/hotelmenapace.it\/wp-content\/uploads\/limoni-del-lago-di-garda-16-300x225.jpg 300w, https:\/\/hotelmenapace.it\/wp-content\/uploads\/limoni-del-lago-di-garda-16-400x300.jpg 400w, https:\/\/hotelmenapace.it\/wp-content\/uploads\/limoni-del-lago-di-garda-16-500x375.jpg 500w, https:\/\/hotelmenapace.it\/wp-content\/uploads\/limoni-del-lago-di-garda-16-600x450.jpg 600w, https:\/\/hotelmenapace.it\/wp-content\/uploads\/limoni-del-lago-di-garda-16-768x576.jpg 768w, https:\/\/hotelmenapace.it\/wp-content\/uploads\/limoni-del-lago-di-garda-16-800x600.jpg 800w, https:\/\/hotelmenapace.it\/wp-content\/uploads\/limoni-del-lago-di-garda-16-1024x768.jpg 1024w, https:\/\/hotelmenapace.it\/wp-content\/uploads\/limoni-del-lago-di-garda-16.jpg 1080w\" data-sizes=\"auto\" \/><\/div><\/div><\/div><div class=\"swiper-slide\"><div class=\"fusion-carousel-item-wrapper\"><div class=\"fusion-image-wrapper hover-type-none\"><img decoding=\"async\" width=\"1080\" height=\"810\" src=\"https:\/\/hotelmenapace.it\/wp-content\/uploads\/limoni-del-lago-di-garda-15.jpg\" class=\"attachment-full size-full lazyload\" alt=\"\" srcset=\"data:image\/svg+xml,%3Csvg%20xmlns%3D%27http%3A%2F%2Fwww.w3.org%2F2000%2Fsvg%27%20width%3D%271080%27%20height%3D%27810%27%20viewBox%3D%270%200%201080%20810%27%3E%3Crect%20width%3D%271080%27%20height%3D%27810%27%20fill-opacity%3D%220%22%2F%3E%3C%2Fsvg%3E\" data-orig-src=\"https:\/\/hotelmenapace.it\/wp-content\/uploads\/limoni-del-lago-di-garda-15.jpg\" data-srcset=\"https:\/\/hotelmenapace.it\/wp-content\/uploads\/limoni-del-lago-di-garda-15-200x150.jpg 200w, https:\/\/hotelmenapace.it\/wp-content\/uploads\/limoni-del-lago-di-garda-15-300x225.jpg 300w, https:\/\/hotelmenapace.it\/wp-content\/uploads\/limoni-del-lago-di-garda-15-400x300.jpg 400w, https:\/\/hotelmenapace.it\/wp-content\/uploads\/limoni-del-lago-di-garda-15-500x375.jpg 500w, https:\/\/hotelmenapace.it\/wp-content\/uploads\/limoni-del-lago-di-garda-15-600x450.jpg 600w, https:\/\/hotelmenapace.it\/wp-content\/uploads\/limoni-del-lago-di-garda-15-768x576.jpg 768w, https:\/\/hotelmenapace.it\/wp-content\/uploads\/limoni-del-lago-di-garda-15-800x600.jpg 800w, https:\/\/hotelmenapace.it\/wp-content\/uploads\/limoni-del-lago-di-garda-15-1024x768.jpg 1024w, https:\/\/hotelmenapace.it\/wp-content\/uploads\/limoni-del-lago-di-garda-15.jpg 1080w\" data-sizes=\"auto\" \/><\/div><\/div><\/div><div class=\"swiper-slide\"><div class=\"fusion-carousel-item-wrapper\"><div class=\"fusion-image-wrapper hover-type-none\"><img decoding=\"async\" width=\"1080\" height=\"810\" src=\"https:\/\/hotelmenapace.it\/wp-content\/uploads\/limoni-del-lago-di-garda-13.jpg\" class=\"attachment-full size-full lazyload\" alt=\"\" srcset=\"data:image\/svg+xml,%3Csvg%20xmlns%3D%27http%3A%2F%2Fwww.w3.org%2F2000%2Fsvg%27%20width%3D%271080%27%20height%3D%27810%27%20viewBox%3D%270%200%201080%20810%27%3E%3Crect%20width%3D%271080%27%20height%3D%27810%27%20fill-opacity%3D%220%22%2F%3E%3C%2Fsvg%3E\" data-orig-src=\"https:\/\/hotelmenapace.it\/wp-content\/uploads\/limoni-del-lago-di-garda-13.jpg\" data-srcset=\"https:\/\/hotelmenapace.it\/wp-content\/uploads\/limoni-del-lago-di-garda-13-200x150.jpg 200w, https:\/\/hotelmenapace.it\/wp-content\/uploads\/limoni-del-lago-di-garda-13-300x225.jpg 300w, https:\/\/hotelmenapace.it\/wp-content\/uploads\/limoni-del-lago-di-garda-13-400x300.jpg 400w, https:\/\/hotelmenapace.it\/wp-content\/uploads\/limoni-del-lago-di-garda-13-500x375.jpg 500w, https:\/\/hotelmenapace.it\/wp-content\/uploads\/limoni-del-lago-di-garda-13-600x450.jpg 600w, https:\/\/hotelmenapace.it\/wp-content\/uploads\/limoni-del-lago-di-garda-13-768x576.jpg 768w, https:\/\/hotelmenapace.it\/wp-content\/uploads\/limoni-del-lago-di-garda-13-800x600.jpg 800w, https:\/\/hotelmenapace.it\/wp-content\/uploads\/limoni-del-lago-di-garda-13-1024x768.jpg 1024w, https:\/\/hotelmenapace.it\/wp-content\/uploads\/limoni-del-lago-di-garda-13.jpg 1080w\" data-sizes=\"auto\" \/><\/div><\/div><\/div><div class=\"swiper-slide\"><div class=\"fusion-carousel-item-wrapper\"><div class=\"fusion-image-wrapper hover-type-none\"><img decoding=\"async\" width=\"1080\" height=\"810\" src=\"https:\/\/hotelmenapace.it\/wp-content\/uploads\/limoni-del-lago-di-garda-12.jpg\" class=\"attachment-full size-full lazyload\" alt=\"\" srcset=\"data:image\/svg+xml,%3Csvg%20xmlns%3D%27http%3A%2F%2Fwww.w3.org%2F2000%2Fsvg%27%20width%3D%271080%27%20height%3D%27810%27%20viewBox%3D%270%200%201080%20810%27%3E%3Crect%20width%3D%271080%27%20height%3D%27810%27%20fill-opacity%3D%220%22%2F%3E%3C%2Fsvg%3E\" data-orig-src=\"https:\/\/hotelmenapace.it\/wp-content\/uploads\/limoni-del-lago-di-garda-12.jpg\" data-srcset=\"https:\/\/hotelmenapace.it\/wp-content\/uploads\/limoni-del-lago-di-garda-12-200x150.jpg 200w, https:\/\/hotelmenapace.it\/wp-content\/uploads\/limoni-del-lago-di-garda-12-300x225.jpg 300w, https:\/\/hotelmenapace.it\/wp-content\/uploads\/limoni-del-lago-di-garda-12-400x300.jpg 400w, https:\/\/hotelmenapace.it\/wp-content\/uploads\/limoni-del-lago-di-garda-12-500x375.jpg 500w, https:\/\/hotelmenapace.it\/wp-content\/uploads\/limoni-del-lago-di-garda-12-600x450.jpg 600w, https:\/\/hotelmenapace.it\/wp-content\/uploads\/limoni-del-lago-di-garda-12-768x576.jpg 768w, https:\/\/hotelmenapace.it\/wp-content\/uploads\/limoni-del-lago-di-garda-12-800x600.jpg 800w, https:\/\/hotelmenapace.it\/wp-content\/uploads\/limoni-del-lago-di-garda-12-1024x768.jpg 1024w, https:\/\/hotelmenapace.it\/wp-content\/uploads\/limoni-del-lago-di-garda-12.jpg 1080w\" data-sizes=\"auto\" \/><\/div><\/div><\/div><div class=\"swiper-slide\"><div class=\"fusion-carousel-item-wrapper\"><div class=\"fusion-image-wrapper hover-type-none\"><img decoding=\"async\" width=\"1080\" height=\"810\" src=\"https:\/\/hotelmenapace.it\/wp-content\/uploads\/limoni-del-lago-di-garda-10.jpg\" class=\"attachment-full size-full lazyload\" alt=\"\" srcset=\"data:image\/svg+xml,%3Csvg%20xmlns%3D%27http%3A%2F%2Fwww.w3.org%2F2000%2Fsvg%27%20width%3D%271080%27%20height%3D%27810%27%20viewBox%3D%270%200%201080%20810%27%3E%3Crect%20width%3D%271080%27%20height%3D%27810%27%20fill-opacity%3D%220%22%2F%3E%3C%2Fsvg%3E\" data-orig-src=\"https:\/\/hotelmenapace.it\/wp-content\/uploads\/limoni-del-lago-di-garda-10.jpg\" data-srcset=\"https:\/\/hotelmenapace.it\/wp-content\/uploads\/limoni-del-lago-di-garda-10-200x150.jpg 200w, https:\/\/hotelmenapace.it\/wp-content\/uploads\/limoni-del-lago-di-garda-10-300x225.jpg 300w, https:\/\/hotelmenapace.it\/wp-content\/uploads\/limoni-del-lago-di-garda-10-400x300.jpg 400w, https:\/\/hotelmenapace.it\/wp-content\/uploads\/limoni-del-lago-di-garda-10-500x375.jpg 500w, https:\/\/hotelmenapace.it\/wp-content\/uploads\/limoni-del-lago-di-garda-10-600x450.jpg 600w, https:\/\/hotelmenapace.it\/wp-content\/uploads\/limoni-del-lago-di-garda-10-768x576.jpg 768w, https:\/\/hotelmenapace.it\/wp-content\/uploads\/limoni-del-lago-di-garda-10-800x600.jpg 800w, https:\/\/hotelmenapace.it\/wp-content\/uploads\/limoni-del-lago-di-garda-10-1024x768.jpg 1024w, https:\/\/hotelmenapace.it\/wp-content\/uploads\/limoni-del-lago-di-garda-10.jpg 1080w\" data-sizes=\"auto\" \/><\/div><\/div><\/div><div class=\"swiper-slide\"><div class=\"fusion-carousel-item-wrapper\"><div class=\"fusion-image-wrapper hover-type-none\"><img decoding=\"async\" width=\"1080\" height=\"810\" src=\"https:\/\/hotelmenapace.it\/wp-content\/uploads\/limoni-del-lago-di-garda-08.jpg\" class=\"attachment-full size-full lazyload\" alt=\"\" srcset=\"data:image\/svg+xml,%3Csvg%20xmlns%3D%27http%3A%2F%2Fwww.w3.org%2F2000%2Fsvg%27%20width%3D%271080%27%20height%3D%27810%27%20viewBox%3D%270%200%201080%20810%27%3E%3Crect%20width%3D%271080%27%20height%3D%27810%27%20fill-opacity%3D%220%22%2F%3E%3C%2Fsvg%3E\" data-orig-src=\"https:\/\/hotelmenapace.it\/wp-content\/uploads\/limoni-del-lago-di-garda-08.jpg\" data-srcset=\"https:\/\/hotelmenapace.it\/wp-content\/uploads\/limoni-del-lago-di-garda-08-200x150.jpg 200w, https:\/\/hotelmenapace.it\/wp-content\/uploads\/limoni-del-lago-di-garda-08-300x225.jpg 300w, https:\/\/hotelmenapace.it\/wp-content\/uploads\/limoni-del-lago-di-garda-08-400x300.jpg 400w, https:\/\/hotelmenapace.it\/wp-content\/uploads\/limoni-del-lago-di-garda-08-500x375.jpg 500w, https:\/\/hotelmenapace.it\/wp-content\/uploads\/limoni-del-lago-di-garda-08-600x450.jpg 600w, https:\/\/hotelmenapace.it\/wp-content\/uploads\/limoni-del-lago-di-garda-08-768x576.jpg 768w, https:\/\/hotelmenapace.it\/wp-content\/uploads\/limoni-del-lago-di-garda-08-800x600.jpg 800w, https:\/\/hotelmenapace.it\/wp-content\/uploads\/limoni-del-lago-di-garda-08-1024x768.jpg 1024w, https:\/\/hotelmenapace.it\/wp-content\/uploads\/limoni-del-lago-di-garda-08.jpg 1080w\" data-sizes=\"auto\" \/><\/div><\/div><\/div><div class=\"swiper-slide\"><div class=\"fusion-carousel-item-wrapper\"><div class=\"fusion-image-wrapper hover-type-none\"><img decoding=\"async\" width=\"1080\" height=\"810\" src=\"https:\/\/hotelmenapace.it\/wp-content\/uploads\/limoni-del-lago-di-garda-01.jpg\" class=\"attachment-full size-full lazyload\" alt=\"\" srcset=\"data:image\/svg+xml,%3Csvg%20xmlns%3D%27http%3A%2F%2Fwww.w3.org%2F2000%2Fsvg%27%20width%3D%271080%27%20height%3D%27810%27%20viewBox%3D%270%200%201080%20810%27%3E%3Crect%20width%3D%271080%27%20height%3D%27810%27%20fill-opacity%3D%220%22%2F%3E%3C%2Fsvg%3E\" data-orig-src=\"https:\/\/hotelmenapace.it\/wp-content\/uploads\/limoni-del-lago-di-garda-01.jpg\" data-srcset=\"https:\/\/hotelmenapace.it\/wp-content\/uploads\/limoni-del-lago-di-garda-01-200x150.jpg 200w, https:\/\/hotelmenapace.it\/wp-content\/uploads\/limoni-del-lago-di-garda-01-300x225.jpg 300w, https:\/\/hotelmenapace.it\/wp-content\/uploads\/limoni-del-lago-di-garda-01-400x300.jpg 400w, https:\/\/hotelmenapace.it\/wp-content\/uploads\/limoni-del-lago-di-garda-01-500x375.jpg 500w, https:\/\/hotelmenapace.it\/wp-content\/uploads\/limoni-del-lago-di-garda-01-600x450.jpg 600w, https:\/\/hotelmenapace.it\/wp-content\/uploads\/limoni-del-lago-di-garda-01-768x576.jpg 768w, https:\/\/hotelmenapace.it\/wp-content\/uploads\/limoni-del-lago-di-garda-01-800x600.jpg 800w, https:\/\/hotelmenapace.it\/wp-content\/uploads\/limoni-del-lago-di-garda-01-1024x768.jpg 1024w, https:\/\/hotelmenapace.it\/wp-content\/uploads\/limoni-del-lago-di-garda-01.jpg 1080w\" data-sizes=\"auto\" \/><\/div><\/div><\/div><div class=\"swiper-slide\"><div class=\"fusion-carousel-item-wrapper\"><div class=\"fusion-image-wrapper hover-type-none\"><img decoding=\"async\" width=\"1080\" height=\"810\" src=\"https:\/\/hotelmenapace.it\/wp-content\/uploads\/limoni-del-lago-di-garda-02.jpg\" class=\"attachment-full size-full lazyload\" alt=\"\" srcset=\"data:image\/svg+xml,%3Csvg%20xmlns%3D%27http%3A%2F%2Fwww.w3.org%2F2000%2Fsvg%27%20width%3D%271080%27%20height%3D%27810%27%20viewBox%3D%270%200%201080%20810%27%3E%3Crect%20width%3D%271080%27%20height%3D%27810%27%20fill-opacity%3D%220%22%2F%3E%3C%2Fsvg%3E\" data-orig-src=\"https:\/\/hotelmenapace.it\/wp-content\/uploads\/limoni-del-lago-di-garda-02.jpg\" data-srcset=\"https:\/\/hotelmenapace.it\/wp-content\/uploads\/limoni-del-lago-di-garda-02-200x150.jpg 200w, https:\/\/hotelmenapace.it\/wp-content\/uploads\/limoni-del-lago-di-garda-02-300x225.jpg 300w, https:\/\/hotelmenapace.it\/wp-content\/uploads\/limoni-del-lago-di-garda-02-400x300.jpg 400w, https:\/\/hotelmenapace.it\/wp-content\/uploads\/limoni-del-lago-di-garda-02-500x375.jpg 500w, https:\/\/hotelmenapace.it\/wp-content\/uploads\/limoni-del-lago-di-garda-02-600x450.jpg 600w, https:\/\/hotelmenapace.it\/wp-content\/uploads\/limoni-del-lago-di-garda-02-768x576.jpg 768w, https:\/\/hotelmenapace.it\/wp-content\/uploads\/limoni-del-lago-di-garda-02-800x600.jpg 800w, https:\/\/hotelmenapace.it\/wp-content\/uploads\/limoni-del-lago-di-garda-02-1024x768.jpg 1024w, https:\/\/hotelmenapace.it\/wp-content\/uploads\/limoni-del-lago-di-garda-02.jpg 1080w\" data-sizes=\"auto\" \/><\/div><\/div><\/div><\/div><div class=\"awb-swiper-button awb-swiper-button-prev\"><i class=\"awb-icon-angle-left\" aria-hidden=\"true\"><\/i><\/div><div class=\"awb-swiper-button awb-swiper-button-next\"><i class=\"awb-icon-angle-right\" aria-hidden=\"true\"><\/i><\/div><\/div><\/div><\/div><\/div><\/div><\/div><div class=\"fusion-fullwidth fullwidth-box fusion-builder-row-11 fusion-flex-container has-pattern-background has-mask-background nonhundred-percent-fullwidth non-hundred-percent-height-scrolling\" style=\"--awb-border-radius-top-left:0px;--awb-border-radius-top-right:0px;--awb-border-radius-bottom-right:0px;--awb-border-radius-bottom-left:0px;--awb-flex-wrap:wrap;\" ><div class=\"fusion-builder-row fusion-row fusion-flex-align-items-flex-start fusion-flex-content-wrap\" style=\"max-width:1216.8px;margin-left: calc(-4% \/ 2 );margin-right: calc(-4% \/ 2 );\"><div class=\"fusion-layout-column fusion_builder_column fusion-builder-column-10 fusion_builder_column_1_1 1_1 fusion-flex-column\" style=\"--awb-bg-size:cover;--awb-width-large:100%;--awb-margin-top-large:0px;--awb-spacing-right-large:1.92%;--awb-margin-bottom-large:20px;--awb-spacing-left-large:1.92%;--awb-width-medium:100%;--awb-order-medium:0;--awb-spacing-right-medium:1.92%;--awb-spacing-left-medium:1.92%;--awb-width-small:100%;--awb-order-small:0;--awb-spacing-right-small:1.92%;--awb-spacing-left-small:1.92%;\"><div class=\"fusion-column-wrapper fusion-column-has-shadow fusion-flex-justify-content-flex-start fusion-content-layout-column\"><div class=\"fusion-title title fusion-title-1 fusion-title-center fusion-title-text fusion-title-size-two\" style=\"--awb-margin-bottom:30px;--awb-margin-top-small:0px;--awb-margin-right-small:0px;--awb-margin-bottom-small:20px;--awb-margin-left-small:0px;\"><div class=\"title-sep-container title-sep-container-left\"><div class=\"title-sep sep-single sep-solid\" style=\"border-color:var(--awb-color3);\"><\/div><\/div><span class=\"awb-title-spacer\"><\/span><h2 class=\"fusion-title-heading title-heading-center fusion-responsive-typography-calculated\" style=\"margin:0;--fontSize:28;--minFontSize:28;line-height:var(--awb-typography1-line-height);\"><span style=\"font-weight: 400;\">Zitrusgartenfest &#8222;I Giardini d\u2019Agrumi&#8220;<\/span><\/h2><span class=\"awb-title-spacer\"><\/span><div class=\"title-sep-container title-sep-container-right\"><div class=\"title-sep sep-single sep-solid\" style=\"border-color:var(--awb-color3);\"><\/div><\/div><\/div><div class=\"fusion-text fusion-text-6\"><p><span style=\"font-weight: 400;\">In <\/span><b>Gargnano <\/b><span style=\"font-weight: 400;\">findet jedes Jahr im April (<\/span><b>13. und 14. April 2024<\/b><span style=\"font-weight: 400;\">) das Festival &#8222;Giardini d&#8217;Agrumi&#8220; statt, eine Veranstaltung, die der <\/span><b>F\u00f6rderung <\/b><span style=\"font-weight: 400;\">und Aufwertung der sch\u00f6nen Zitronenh\u00e4user des Oberen Gardasees und der Zitrusfr\u00fcchte gewidmet ist, die in ihnen noch immer angebaut werden, sei es zu Produktions- oder zu Dekorationszwecken.<\/span><\/p>\n<p><span style=\"font-weight: 400;\">Im <\/span><b>Kloster San Francesco<\/b><span style=\"font-weight: 400;\"> wird eine pomologische Tafel mit \u00fcber <\/span><b>50 Zitrusfruchtsorten<\/b><span style=\"font-weight: 400;\">, die im Oberen Gardaseegebiet angebaut werden, sowie eine Ausstellung von <\/span><b>Werkzeugen<\/b><span style=\"font-weight: 400;\">, die fr\u00fcher f\u00fcr den Anbau von Zitrusfr\u00fcchten im Gardaseegebiet verwendet wurden, aufgestellt.<\/span><\/p>\n<\/div><div class=\"fusion-image-carousel fusion-image-carousel-auto fusion-image-carousel-2 fusion-carousel-border\"><div class=\"awb-carousel awb-swiper awb-swiper-carousel awb-carousel--carousel awb-swiper-dots-position-bottom\" data-layout=\"carousel\" data-autoplay=\"yes\" data-autoplayspeed=\"2500\" data-autoplaypause=\"no\" data-loop=\"yes\" data-columns=\"1\" data-columnsmedium=\"1\" data-columnssmall=\"1\" data-itemmargin=\"13\" data-itemwidth=\"180\" data-touchscroll=\"no\" data-freemode=\"no\" data-imagesize=\"auto\" data-scrollitems=\"0\" data-centeredslides=\"no\" data-rotationangle=\"50\" data-depth=\"100\" data-speed=\"500\" data-shadow=\"no\" data-pagination=\"bullets\" style=\"--awb-columns:1;--awb-border-width:1px;--awb-border-color:#e9eaee;\"><div class=\"swiper-wrapper awb-image-carousel-wrapper fusion-flex-align-items-center\"><div class=\"swiper-slide\"><div class=\"fusion-carousel-item-wrapper\"><div class=\"fusion-image-wrapper hover-type-none\"><img decoding=\"async\" width=\"1080\" height=\"810\" src=\"https:\/\/hotelmenapace.it\/wp-content\/uploads\/limoni-del-lago-di-garda-02.jpg\" class=\"attachment-full size-full lazyload\" alt=\"\" srcset=\"data:image\/svg+xml,%3Csvg%20xmlns%3D%27http%3A%2F%2Fwww.w3.org%2F2000%2Fsvg%27%20width%3D%271080%27%20height%3D%27810%27%20viewBox%3D%270%200%201080%20810%27%3E%3Crect%20width%3D%271080%27%20height%3D%27810%27%20fill-opacity%3D%220%22%2F%3E%3C%2Fsvg%3E\" data-orig-src=\"https:\/\/hotelmenapace.it\/wp-content\/uploads\/limoni-del-lago-di-garda-02.jpg\" data-srcset=\"https:\/\/hotelmenapace.it\/wp-content\/uploads\/limoni-del-lago-di-garda-02-200x150.jpg 200w, https:\/\/hotelmenapace.it\/wp-content\/uploads\/limoni-del-lago-di-garda-02-300x225.jpg 300w, https:\/\/hotelmenapace.it\/wp-content\/uploads\/limoni-del-lago-di-garda-02-400x300.jpg 400w, https:\/\/hotelmenapace.it\/wp-content\/uploads\/limoni-del-lago-di-garda-02-500x375.jpg 500w, https:\/\/hotelmenapace.it\/wp-content\/uploads\/limoni-del-lago-di-garda-02-600x450.jpg 600w, https:\/\/hotelmenapace.it\/wp-content\/uploads\/limoni-del-lago-di-garda-02-768x576.jpg 768w, https:\/\/hotelmenapace.it\/wp-content\/uploads\/limoni-del-lago-di-garda-02-800x600.jpg 800w, https:\/\/hotelmenapace.it\/wp-content\/uploads\/limoni-del-lago-di-garda-02-1024x768.jpg 1024w, https:\/\/hotelmenapace.it\/wp-content\/uploads\/limoni-del-lago-di-garda-02.jpg 1080w\" data-sizes=\"auto\" \/><\/div><\/div><\/div><div class=\"swiper-slide\"><div class=\"fusion-carousel-item-wrapper\"><div class=\"fusion-image-wrapper hover-type-none\"><img decoding=\"async\" width=\"1080\" height=\"810\" src=\"https:\/\/hotelmenapace.it\/wp-content\/uploads\/limoni-del-lago-di-garda-11.jpg\" class=\"attachment-full size-full lazyload\" alt=\"\" srcset=\"data:image\/svg+xml,%3Csvg%20xmlns%3D%27http%3A%2F%2Fwww.w3.org%2F2000%2Fsvg%27%20width%3D%271080%27%20height%3D%27810%27%20viewBox%3D%270%200%201080%20810%27%3E%3Crect%20width%3D%271080%27%20height%3D%27810%27%20fill-opacity%3D%220%22%2F%3E%3C%2Fsvg%3E\" data-orig-src=\"https:\/\/hotelmenapace.it\/wp-content\/uploads\/limoni-del-lago-di-garda-11.jpg\" data-srcset=\"https:\/\/hotelmenapace.it\/wp-content\/uploads\/limoni-del-lago-di-garda-11-200x150.jpg 200w, https:\/\/hotelmenapace.it\/wp-content\/uploads\/limoni-del-lago-di-garda-11-300x225.jpg 300w, https:\/\/hotelmenapace.it\/wp-content\/uploads\/limoni-del-lago-di-garda-11-400x300.jpg 400w, https:\/\/hotelmenapace.it\/wp-content\/uploads\/limoni-del-lago-di-garda-11-500x375.jpg 500w, https:\/\/hotelmenapace.it\/wp-content\/uploads\/limoni-del-lago-di-garda-11-600x450.jpg 600w, https:\/\/hotelmenapace.it\/wp-content\/uploads\/limoni-del-lago-di-garda-11-768x576.jpg 768w, https:\/\/hotelmenapace.it\/wp-content\/uploads\/limoni-del-lago-di-garda-11-800x600.jpg 800w, https:\/\/hotelmenapace.it\/wp-content\/uploads\/limoni-del-lago-di-garda-11-1024x768.jpg 1024w, https:\/\/hotelmenapace.it\/wp-content\/uploads\/limoni-del-lago-di-garda-11.jpg 1080w\" data-sizes=\"auto\" \/><\/div><\/div><\/div><div class=\"swiper-slide\"><div class=\"fusion-carousel-item-wrapper\"><div class=\"fusion-image-wrapper hover-type-none\"><img decoding=\"async\" width=\"1080\" height=\"810\" src=\"https:\/\/hotelmenapace.it\/wp-content\/uploads\/limoni-del-lago-di-garda-09.jpg\" class=\"attachment-full size-full lazyload\" alt=\"\" srcset=\"data:image\/svg+xml,%3Csvg%20xmlns%3D%27http%3A%2F%2Fwww.w3.org%2F2000%2Fsvg%27%20width%3D%271080%27%20height%3D%27810%27%20viewBox%3D%270%200%201080%20810%27%3E%3Crect%20width%3D%271080%27%20height%3D%27810%27%20fill-opacity%3D%220%22%2F%3E%3C%2Fsvg%3E\" data-orig-src=\"https:\/\/hotelmenapace.it\/wp-content\/uploads\/limoni-del-lago-di-garda-09.jpg\" data-srcset=\"https:\/\/hotelmenapace.it\/wp-content\/uploads\/limoni-del-lago-di-garda-09-200x150.jpg 200w, https:\/\/hotelmenapace.it\/wp-content\/uploads\/limoni-del-lago-di-garda-09-300x225.jpg 300w, https:\/\/hotelmenapace.it\/wp-content\/uploads\/limoni-del-lago-di-garda-09-400x300.jpg 400w, https:\/\/hotelmenapace.it\/wp-content\/uploads\/limoni-del-lago-di-garda-09-500x375.jpg 500w, https:\/\/hotelmenapace.it\/wp-content\/uploads\/limoni-del-lago-di-garda-09-600x450.jpg 600w, https:\/\/hotelmenapace.it\/wp-content\/uploads\/limoni-del-lago-di-garda-09-768x576.jpg 768w, https:\/\/hotelmenapace.it\/wp-content\/uploads\/limoni-del-lago-di-garda-09-800x600.jpg 800w, https:\/\/hotelmenapace.it\/wp-content\/uploads\/limoni-del-lago-di-garda-09-1024x768.jpg 1024w, https:\/\/hotelmenapace.it\/wp-content\/uploads\/limoni-del-lago-di-garda-09.jpg 1080w\" data-sizes=\"auto\" \/><\/div><\/div><\/div><div class=\"swiper-slide\"><div class=\"fusion-carousel-item-wrapper\"><div class=\"fusion-image-wrapper hover-type-none\"><img decoding=\"async\" width=\"1080\" height=\"810\" src=\"https:\/\/hotelmenapace.it\/wp-content\/uploads\/limoni-del-lago-di-garda-17.jpg\" class=\"attachment-full size-full lazyload\" alt=\"\" srcset=\"data:image\/svg+xml,%3Csvg%20xmlns%3D%27http%3A%2F%2Fwww.w3.org%2F2000%2Fsvg%27%20width%3D%271080%27%20height%3D%27810%27%20viewBox%3D%270%200%201080%20810%27%3E%3Crect%20width%3D%271080%27%20height%3D%27810%27%20fill-opacity%3D%220%22%2F%3E%3C%2Fsvg%3E\" data-orig-src=\"https:\/\/hotelmenapace.it\/wp-content\/uploads\/limoni-del-lago-di-garda-17.jpg\" data-srcset=\"https:\/\/hotelmenapace.it\/wp-content\/uploads\/limoni-del-lago-di-garda-17-200x150.jpg 200w, https:\/\/hotelmenapace.it\/wp-content\/uploads\/limoni-del-lago-di-garda-17-300x225.jpg 300w, https:\/\/hotelmenapace.it\/wp-content\/uploads\/limoni-del-lago-di-garda-17-400x300.jpg 400w, https:\/\/hotelmenapace.it\/wp-content\/uploads\/limoni-del-lago-di-garda-17-500x375.jpg 500w, https:\/\/hotelmenapace.it\/wp-content\/uploads\/limoni-del-lago-di-garda-17-600x450.jpg 600w, https:\/\/hotelmenapace.it\/wp-content\/uploads\/limoni-del-lago-di-garda-17-768x576.jpg 768w, https:\/\/hotelmenapace.it\/wp-content\/uploads\/limoni-del-lago-di-garda-17-800x600.jpg 800w, https:\/\/hotelmenapace.it\/wp-content\/uploads\/limoni-del-lago-di-garda-17-1024x768.jpg 1024w, https:\/\/hotelmenapace.it\/wp-content\/uploads\/limoni-del-lago-di-garda-17.jpg 1080w\" data-sizes=\"auto\" \/><\/div><\/div><\/div><div class=\"swiper-slide\"><div class=\"fusion-carousel-item-wrapper\"><div class=\"fusion-image-wrapper hover-type-none\"><img decoding=\"async\" width=\"1080\" height=\"810\" src=\"https:\/\/hotelmenapace.it\/wp-content\/uploads\/limoni-del-lago-di-garda-07.jpg\" class=\"attachment-full size-full lazyload\" alt=\"\" srcset=\"data:image\/svg+xml,%3Csvg%20xmlns%3D%27http%3A%2F%2Fwww.w3.org%2F2000%2Fsvg%27%20width%3D%271080%27%20height%3D%27810%27%20viewBox%3D%270%200%201080%20810%27%3E%3Crect%20width%3D%271080%27%20height%3D%27810%27%20fill-opacity%3D%220%22%2F%3E%3C%2Fsvg%3E\" data-orig-src=\"https:\/\/hotelmenapace.it\/wp-content\/uploads\/limoni-del-lago-di-garda-07.jpg\" data-srcset=\"https:\/\/hotelmenapace.it\/wp-content\/uploads\/limoni-del-lago-di-garda-07-200x150.jpg 200w, https:\/\/hotelmenapace.it\/wp-content\/uploads\/limoni-del-lago-di-garda-07-300x225.jpg 300w, https:\/\/hotelmenapace.it\/wp-content\/uploads\/limoni-del-lago-di-garda-07-400x300.jpg 400w, https:\/\/hotelmenapace.it\/wp-content\/uploads\/limoni-del-lago-di-garda-07-500x375.jpg 500w, https:\/\/hotelmenapace.it\/wp-content\/uploads\/limoni-del-lago-di-garda-07-600x450.jpg 600w, https:\/\/hotelmenapace.it\/wp-content\/uploads\/limoni-del-lago-di-garda-07-768x576.jpg 768w, https:\/\/hotelmenapace.it\/wp-content\/uploads\/limoni-del-lago-di-garda-07-800x600.jpg 800w, https:\/\/hotelmenapace.it\/wp-content\/uploads\/limoni-del-lago-di-garda-07-1024x768.jpg 1024w, https:\/\/hotelmenapace.it\/wp-content\/uploads\/limoni-del-lago-di-garda-07.jpg 1080w\" data-sizes=\"auto\" \/><\/div><\/div><\/div><\/div><div class=\"awb-swiper-button awb-swiper-button-prev\"><i class=\"awb-icon-angle-left\" aria-hidden=\"true\"><\/i><\/div><div class=\"awb-swiper-button awb-swiper-button-next\"><i class=\"awb-icon-angle-right\" aria-hidden=\"true\"><\/i><\/div><\/div><\/div><\/div><\/div><\/div><\/div><\/p>\n","protected":false},"excerpt":{"rendered":"","protected":false},"author":1,"featured_media":7804,"comment_status":"closed","ping_status":"closed","sticky":false,"template":"","format":"standard","meta":{"ngg_post_thumbnail":0,"footnotes":""},"categories":[25,42,31,3],"tags":[],"class_list":["post-7841","post","type-post","status-publish","format-standard","has-post-thumbnail","hentry","category-ausfluege","category-besichtigung","category-gardasee-urlaub","category-unkategorisiert"],"yoast_head":"<!-- This site is optimized with the Yoast SEO plugin v27.5 - https:\/\/yoast.com\/product\/yoast-seo-wordpress\/ -->\n<title>Zitronen vom Gardasee - Hotel Menapace<\/title>\n<meta name=\"robots\" content=\"index, follow, max-snippet:-1, max-image-preview:large, max-video-preview:-1\" \/>\n<link rel=\"canonical\" href=\"https:\/\/hotelmenapace.it\/de\/zitronen-vom-gardasee\/\" \/>\n<meta property=\"og:locale\" content=\"de_DE\" \/>\n<meta property=\"og:type\" content=\"article\" \/>\n<meta property=\"og:title\" content=\"Zitronen vom Gardasee - Hotel Menapace\" \/>\n<meta property=\"og:url\" content=\"https:\/\/hotelmenapace.it\/de\/zitronen-vom-gardasee\/\" \/>\n<meta property=\"og:site_name\" content=\"Hotel Menapace\" \/>\n<meta property=\"article:published_time\" content=\"2024-02-14T17:36:04+00:00\" \/>\n<meta property=\"article:modified_time\" content=\"2024-02-19T17:06:16+00:00\" \/>\n<meta property=\"og:image\" content=\"https:\/\/hotelmenapace.it\/wp-content\/uploads\/limoni-del-lago-di-garda-10.jpg\" \/>\n\t<meta property=\"og:image:width\" content=\"1080\" \/>\n\t<meta property=\"og:image:height\" content=\"810\" \/>\n\t<meta property=\"og:image:type\" content=\"image\/jpeg\" \/>\n<meta name=\"author\" content=\"admin\" \/>\n<meta name=\"twitter:card\" content=\"summary_large_image\" \/>\n<meta name=\"twitter:label1\" content=\"Verfasst von\" \/>\n\t<meta name=\"twitter:data1\" content=\"admin\" \/>\n\t<meta name=\"twitter:label2\" content=\"Gesch\u00e4tzte Lesezeit\" \/>\n\t<meta name=\"twitter:data2\" content=\"36\u00a0Minuten\" \/>\n<script type=\"application\/ld+json\" class=\"yoast-schema-graph\">{\"@context\":\"https:\\\/\\\/schema.org\",\"@graph\":[{\"@type\":\"Article\",\"@id\":\"https:\\\/\\\/hotelmenapace.it\\\/de\\\/zitronen-vom-gardasee\\\/#article\",\"isPartOf\":{\"@id\":\"https:\\\/\\\/hotelmenapace.it\\\/de\\\/zitronen-vom-gardasee\\\/\"},\"author\":{\"name\":\"admin\",\"@id\":\"\\\/#\\\/schema\\\/person\\\/313a67f22008d666ea61dfeb50f45c6c\"},\"headline\":\"Zitronen vom Gardasee\",\"datePublished\":\"2024-02-14T17:36:04+00:00\",\"dateModified\":\"2024-02-19T17:06:16+00:00\",\"mainEntityOfPage\":{\"@id\":\"https:\\\/\\\/hotelmenapace.it\\\/de\\\/zitronen-vom-gardasee\\\/\"},\"wordCount\":7242,\"image\":{\"@id\":\"https:\\\/\\\/hotelmenapace.it\\\/de\\\/zitronen-vom-gardasee\\\/#primaryimage\"},\"thumbnailUrl\":\"https:\\\/\\\/hotelmenapace.it\\\/wp-content\\\/uploads\\\/limoni-del-lago-di-garda-10.jpg\",\"articleSection\":[\"Ausfl\u00fcge\",\"Besichtigung\",\"Gardasee Urlaub\",\"Unkategorisiert\"],\"inLanguage\":\"de\"},{\"@type\":\"WebPage\",\"@id\":\"https:\\\/\\\/hotelmenapace.it\\\/de\\\/zitronen-vom-gardasee\\\/\",\"url\":\"https:\\\/\\\/hotelmenapace.it\\\/de\\\/zitronen-vom-gardasee\\\/\",\"name\":\"Zitronen vom Gardasee - Hotel Menapace\",\"isPartOf\":{\"@id\":\"\\\/#website\"},\"primaryImageOfPage\":{\"@id\":\"https:\\\/\\\/hotelmenapace.it\\\/de\\\/zitronen-vom-gardasee\\\/#primaryimage\"},\"image\":{\"@id\":\"https:\\\/\\\/hotelmenapace.it\\\/de\\\/zitronen-vom-gardasee\\\/#primaryimage\"},\"thumbnailUrl\":\"https:\\\/\\\/hotelmenapace.it\\\/wp-content\\\/uploads\\\/limoni-del-lago-di-garda-10.jpg\",\"datePublished\":\"2024-02-14T17:36:04+00:00\",\"dateModified\":\"2024-02-19T17:06:16+00:00\",\"author\":{\"@id\":\"\\\/#\\\/schema\\\/person\\\/313a67f22008d666ea61dfeb50f45c6c\"},\"inLanguage\":\"de\",\"potentialAction\":[{\"@type\":\"ReadAction\",\"target\":[\"https:\\\/\\\/hotelmenapace.it\\\/de\\\/zitronen-vom-gardasee\\\/\"]}]},{\"@type\":\"ImageObject\",\"inLanguage\":\"de\",\"@id\":\"https:\\\/\\\/hotelmenapace.it\\\/de\\\/zitronen-vom-gardasee\\\/#primaryimage\",\"url\":\"https:\\\/\\\/hotelmenapace.it\\\/wp-content\\\/uploads\\\/limoni-del-lago-di-garda-10.jpg\",\"contentUrl\":\"https:\\\/\\\/hotelmenapace.it\\\/wp-content\\\/uploads\\\/limoni-del-lago-di-garda-10.jpg\",\"width\":1080,\"height\":810},{\"@type\":\"WebSite\",\"@id\":\"\\\/#website\",\"url\":\"\\\/\",\"name\":\"Hotel Menapace\",\"description\":\"Pai - Torri del Benaco - Lago di Garda\",\"potentialAction\":[{\"@type\":\"SearchAction\",\"target\":{\"@type\":\"EntryPoint\",\"urlTemplate\":\"\\\/?s={search_term_string}\"},\"query-input\":{\"@type\":\"PropertyValueSpecification\",\"valueRequired\":true,\"valueName\":\"search_term_string\"}}],\"inLanguage\":\"de\"},{\"@type\":\"Person\",\"@id\":\"\\\/#\\\/schema\\\/person\\\/313a67f22008d666ea61dfeb50f45c6c\",\"name\":\"admin\",\"image\":{\"@type\":\"ImageObject\",\"inLanguage\":\"de\",\"@id\":\"https:\\\/\\\/secure.gravatar.com\\\/avatar\\\/bb16c298ba01be5f6e1bb98bc31fcc39f8c45f589113076c2684f905854dece5?s=96&d=mm&r=g\",\"url\":\"https:\\\/\\\/secure.gravatar.com\\\/avatar\\\/bb16c298ba01be5f6e1bb98bc31fcc39f8c45f589113076c2684f905854dece5?s=96&d=mm&r=g\",\"contentUrl\":\"https:\\\/\\\/secure.gravatar.com\\\/avatar\\\/bb16c298ba01be5f6e1bb98bc31fcc39f8c45f589113076c2684f905854dece5?s=96&d=mm&r=g\",\"caption\":\"admin\"},\"url\":\"https:\\\/\\\/hotelmenapace.it\\\/de\\\/author\\\/admin\\\/\"}]}<\/script>\n<!-- \/ Yoast SEO plugin. -->","yoast_head_json":{"title":"Zitronen vom Gardasee - Hotel Menapace","robots":{"index":"index","follow":"follow","max-snippet":"max-snippet:-1","max-image-preview":"max-image-preview:large","max-video-preview":"max-video-preview:-1"},"canonical":"https:\/\/hotelmenapace.it\/de\/zitronen-vom-gardasee\/","og_locale":"de_DE","og_type":"article","og_title":"Zitronen vom Gardasee - Hotel Menapace","og_url":"https:\/\/hotelmenapace.it\/de\/zitronen-vom-gardasee\/","og_site_name":"Hotel Menapace","article_published_time":"2024-02-14T17:36:04+00:00","article_modified_time":"2024-02-19T17:06:16+00:00","og_image":[{"width":1080,"height":810,"url":"https:\/\/hotelmenapace.it\/wp-content\/uploads\/limoni-del-lago-di-garda-10.jpg","type":"image\/jpeg"}],"author":"admin","twitter_card":"summary_large_image","twitter_misc":{"Verfasst von":"admin","Gesch\u00e4tzte Lesezeit":"36\u00a0Minuten"},"schema":{"@context":"https:\/\/schema.org","@graph":[{"@type":"Article","@id":"https:\/\/hotelmenapace.it\/de\/zitronen-vom-gardasee\/#article","isPartOf":{"@id":"https:\/\/hotelmenapace.it\/de\/zitronen-vom-gardasee\/"},"author":{"name":"admin","@id":"\/#\/schema\/person\/313a67f22008d666ea61dfeb50f45c6c"},"headline":"Zitronen vom Gardasee","datePublished":"2024-02-14T17:36:04+00:00","dateModified":"2024-02-19T17:06:16+00:00","mainEntityOfPage":{"@id":"https:\/\/hotelmenapace.it\/de\/zitronen-vom-gardasee\/"},"wordCount":7242,"image":{"@id":"https:\/\/hotelmenapace.it\/de\/zitronen-vom-gardasee\/#primaryimage"},"thumbnailUrl":"https:\/\/hotelmenapace.it\/wp-content\/uploads\/limoni-del-lago-di-garda-10.jpg","articleSection":["Ausfl\u00fcge","Besichtigung","Gardasee Urlaub","Unkategorisiert"],"inLanguage":"de"},{"@type":"WebPage","@id":"https:\/\/hotelmenapace.it\/de\/zitronen-vom-gardasee\/","url":"https:\/\/hotelmenapace.it\/de\/zitronen-vom-gardasee\/","name":"Zitronen vom Gardasee - Hotel Menapace","isPartOf":{"@id":"\/#website"},"primaryImageOfPage":{"@id":"https:\/\/hotelmenapace.it\/de\/zitronen-vom-gardasee\/#primaryimage"},"image":{"@id":"https:\/\/hotelmenapace.it\/de\/zitronen-vom-gardasee\/#primaryimage"},"thumbnailUrl":"https:\/\/hotelmenapace.it\/wp-content\/uploads\/limoni-del-lago-di-garda-10.jpg","datePublished":"2024-02-14T17:36:04+00:00","dateModified":"2024-02-19T17:06:16+00:00","author":{"@id":"\/#\/schema\/person\/313a67f22008d666ea61dfeb50f45c6c"},"inLanguage":"de","potentialAction":[{"@type":"ReadAction","target":["https:\/\/hotelmenapace.it\/de\/zitronen-vom-gardasee\/"]}]},{"@type":"ImageObject","inLanguage":"de","@id":"https:\/\/hotelmenapace.it\/de\/zitronen-vom-gardasee\/#primaryimage","url":"https:\/\/hotelmenapace.it\/wp-content\/uploads\/limoni-del-lago-di-garda-10.jpg","contentUrl":"https:\/\/hotelmenapace.it\/wp-content\/uploads\/limoni-del-lago-di-garda-10.jpg","width":1080,"height":810},{"@type":"WebSite","@id":"\/#website","url":"\/","name":"Hotel Menapace","description":"Pai - Torri del Benaco - Lago di Garda","potentialAction":[{"@type":"SearchAction","target":{"@type":"EntryPoint","urlTemplate":"\/?s={search_term_string}"},"query-input":{"@type":"PropertyValueSpecification","valueRequired":true,"valueName":"search_term_string"}}],"inLanguage":"de"},{"@type":"Person","@id":"\/#\/schema\/person\/313a67f22008d666ea61dfeb50f45c6c","name":"admin","image":{"@type":"ImageObject","inLanguage":"de","@id":"https:\/\/secure.gravatar.com\/avatar\/bb16c298ba01be5f6e1bb98bc31fcc39f8c45f589113076c2684f905854dece5?s=96&d=mm&r=g","url":"https:\/\/secure.gravatar.com\/avatar\/bb16c298ba01be5f6e1bb98bc31fcc39f8c45f589113076c2684f905854dece5?s=96&d=mm&r=g","contentUrl":"https:\/\/secure.gravatar.com\/avatar\/bb16c298ba01be5f6e1bb98bc31fcc39f8c45f589113076c2684f905854dece5?s=96&d=mm&r=g","caption":"admin"},"url":"https:\/\/hotelmenapace.it\/de\/author\/admin\/"}]}},"_links":{"self":[{"href":"https:\/\/hotelmenapace.it\/de\/wp-json\/wp\/v2\/posts\/7841","targetHints":{"allow":["GET"]}}],"collection":[{"href":"https:\/\/hotelmenapace.it\/de\/wp-json\/wp\/v2\/posts"}],"about":[{"href":"https:\/\/hotelmenapace.it\/de\/wp-json\/wp\/v2\/types\/post"}],"author":[{"embeddable":true,"href":"https:\/\/hotelmenapace.it\/de\/wp-json\/wp\/v2\/users\/1"}],"replies":[{"embeddable":true,"href":"https:\/\/hotelmenapace.it\/de\/wp-json\/wp\/v2\/comments?post=7841"}],"version-history":[{"count":5,"href":"https:\/\/hotelmenapace.it\/de\/wp-json\/wp\/v2\/posts\/7841\/revisions"}],"predecessor-version":[{"id":7874,"href":"https:\/\/hotelmenapace.it\/de\/wp-json\/wp\/v2\/posts\/7841\/revisions\/7874"}],"wp:featuredmedia":[{"embeddable":true,"href":"https:\/\/hotelmenapace.it\/de\/wp-json\/wp\/v2\/media\/7804"}],"wp:attachment":[{"href":"https:\/\/hotelmenapace.it\/de\/wp-json\/wp\/v2\/media?parent=7841"}],"wp:term":[{"taxonomy":"category","embeddable":true,"href":"https:\/\/hotelmenapace.it\/de\/wp-json\/wp\/v2\/categories?post=7841"},{"taxonomy":"post_tag","embeddable":true,"href":"https:\/\/hotelmenapace.it\/de\/wp-json\/wp\/v2\/tags?post=7841"}],"curies":[{"name":"wp","href":"https:\/\/api.w.org\/{rel}","templated":true}]}}