{"id":6872,"date":"2023-07-06T19:57:46","date_gmt":"2023-07-06T19:57:46","guid":{"rendered":"https:\/\/hotelmenapace.it\/?p=6872"},"modified":"2023-07-06T19:57:46","modified_gmt":"2023-07-06T19:57:46","slug":"paccheri-nudeln-mit-zucchini-und-garnellen","status":"publish","type":"post","link":"https:\/\/hotelmenapace.it\/de\/paccheri-nudeln-mit-zucchini-und-garnellen\/","title":{"rendered":"\u201cPaccheri Nudeln\u201d mit Zucchini und Garnellen"},"content":{"rendered":"<p><!--WPRM Recipe 6810--><\/p>\n<div class=\"wprm-fallback-recipe\">\n<h2 class=\"wprm-fallback-recipe-name\">\u201cPaccheri Nudeln\u201d, Zucchini, Garnellen<\/h2>\n<p>\t<img decoding=\"async\" class=\"lazyload wprm-fallback-recipe-image\" src=\"data:image\/svg+xml,%3Csvg%20xmlns%3D%27http%3A%2F%2Fwww.w3.org%2F2000%2Fsvg%27%20width%3D%27150%27%20height%3D%27150%27%20viewBox%3D%270%200%20150%20150%27%3E%3Crect%20width%3D%27150%27%20height%3D%27150%27%20fill-opacity%3D%220%22%2F%3E%3C%2Fsvg%3E\" data-orig-src=\"https:\/\/hotelmenapace.it\/wp-content\/uploads\/ricetta-paccheri-zucchine-gamberi-01-150x150.jpg\"\/>\t<\/p>\n<p class=\"wprm-fallback-recipe-summary\">\n<div class=\"wprm-fallback-recipe-equipment\">\n\t\t\t<\/div>\n<div class=\"wprm-fallback-recipe-ingredients\">\n<ul>\n<li>180 gr. Paccheri Nudeln<\/li>\n<li>2 Zucchini<\/li>\n<li>30 gr. Garnelenschw\u00e4nze<\/li>\n<li>Oliven\u00f6l<\/li>\n<li>Salz u. Pfeffer<\/li>\n<\/ul><\/div>\n<div class=\"wprm-fallback-recipe-instructions\">\n<ol>\n<li>Zucchini im Wurfel schneiden und im Oel, Salz und Pfeffer anbraten<\/li>\n<li>Garnelen bereits gesch\u00e4lt und blanchiert zugeben<\/li>\n<li>Nudeln in Salzwasser bissfest (al dente) kochen, abgie\u00dfen und unter die Gem\u00fcse-Fischpfanne mischen<\/li>\n<li>Etwas Olivenoel zugiessen und kurz aufkochen lassen..<\/li>\n<li>Auf Teller verteilen und mit geriebener Zitronenschale servieren<\/li>\n<\/ol><\/div>\n<div class=\"wprm-fallback-recipe-notes\">\n<p><span style=\"font-weight: 400\">Was sind Paccheri?<\/span><\/p>\n<p><span style=\"font-weight: 400\">Paccheri ist eine Nudelsorte aus Neapel und typisch f\u00fcr die neapolitanische K\u00fcche. Ihr Name stammt vom Wort &#8222;paccari\u00e0&#8220;, was im neapolitanischen Dia\u00adlekt\u00a0 soviel wie &#8222;Ohrfeige&#8220; bedeutet.<\/span><\/p>\n\n\t\t<style type=\"text\/css\">\n\t\t\t#gallery-1 {\n\t\t\t\tmargin: auto;\n\t\t\t}\n\t\t\t#gallery-1 .gallery-item {\n\t\t\t\tfloat: left;\n\t\t\t\tmargin-top: 10px;\n\t\t\t\ttext-align: center;\n\t\t\t\twidth: 33%;\n\t\t\t}\n\t\t\t#gallery-1 img {\n\t\t\t\tborder: 2px solid #cfcfcf;\n\t\t\t}\n\t\t\t#gallery-1 .gallery-caption {\n\t\t\t\tmargin-left: 0;\n\t\t\t}\n\t\t\t\/* see gallery_shortcode() in wp-includes\/media.php *\/\n\t\t<\/style>\n\t\t<div id='gallery-1' class='gallery galleryid-6872 gallery-columns-3 gallery-size-medium'><dl class='gallery-item'>\n\t\t\t<dt class='gallery-icon landscape'>\n\t\t\t\t<a data-rel=\"iLightbox[postimages]\" data-title=\"ricetta-paccheri-zucchine-gamberi-01\" data-caption=\"\" href='https:\/\/hotelmenapace.it\/de\/ricetta-paccheri-zucchine-gamberi-01-2\/'><img decoding=\"async\" width=\"300\" height=\"225\" src=\"https:\/\/hotelmenapace.it\/wp-content\/uploads\/ricetta-paccheri-zucchine-gamberi-01-300x225.jpg\" class=\"attachment-medium size-medium lazyload\" alt=\"\" srcset=\"data:image\/svg+xml,%3Csvg%20xmlns%3D%27http%3A%2F%2Fwww.w3.org%2F2000%2Fsvg%27%20width%3D%27900%27%20height%3D%27675%27%20viewBox%3D%270%200%20900%20675%27%3E%3Crect%20width%3D%27900%27%20height%3D%27675%27%20fill-opacity%3D%220%22%2F%3E%3C%2Fsvg%3E\" data-orig-src=\"https:\/\/hotelmenapace.it\/wp-content\/uploads\/ricetta-paccheri-zucchine-gamberi-01-300x225.jpg\" data-srcset=\"https:\/\/hotelmenapace.it\/wp-content\/uploads\/ricetta-paccheri-zucchine-gamberi-01-200x150.jpg 200w, https:\/\/hotelmenapace.it\/wp-content\/uploads\/ricetta-paccheri-zucchine-gamberi-01-300x225.jpg 300w, https:\/\/hotelmenapace.it\/wp-content\/uploads\/ricetta-paccheri-zucchine-gamberi-01-400x300.jpg 400w, https:\/\/hotelmenapace.it\/wp-content\/uploads\/ricetta-paccheri-zucchine-gamberi-01-500x375.jpg 500w, https:\/\/hotelmenapace.it\/wp-content\/uploads\/ricetta-paccheri-zucchine-gamberi-01-600x450.jpg 600w, https:\/\/hotelmenapace.it\/wp-content\/uploads\/ricetta-paccheri-zucchine-gamberi-01-768x576.jpg 768w, https:\/\/hotelmenapace.it\/wp-content\/uploads\/ricetta-paccheri-zucchine-gamberi-01-800x600.jpg 800w, https:\/\/hotelmenapace.it\/wp-content\/uploads\/ricetta-paccheri-zucchine-gamberi-01.jpg 900w\" data-sizes=\"auto\" \/><\/a>\n\t\t\t<\/dt><\/dl><dl class='gallery-item'>\n\t\t\t<dt class='gallery-icon landscape'>\n\t\t\t\t<a data-rel=\"iLightbox[postimages]\" data-title=\"ricetta-paccheri-zucchine-gamberi-02\" data-caption=\"\" href='https:\/\/hotelmenapace.it\/de\/ricetta-paccheri-zucchine-gamberi-02-2\/'><img decoding=\"async\" width=\"300\" height=\"225\" src=\"https:\/\/hotelmenapace.it\/wp-content\/uploads\/ricetta-paccheri-zucchine-gamberi-02-300x225.jpg\" class=\"attachment-medium size-medium lazyload\" alt=\"\" srcset=\"data:image\/svg+xml,%3Csvg%20xmlns%3D%27http%3A%2F%2Fwww.w3.org%2F2000%2Fsvg%27%20width%3D%27900%27%20height%3D%27675%27%20viewBox%3D%270%200%20900%20675%27%3E%3Crect%20width%3D%27900%27%20height%3D%27675%27%20fill-opacity%3D%220%22%2F%3E%3C%2Fsvg%3E\" data-orig-src=\"https:\/\/hotelmenapace.it\/wp-content\/uploads\/ricetta-paccheri-zucchine-gamberi-02-300x225.jpg\" data-srcset=\"https:\/\/hotelmenapace.it\/wp-content\/uploads\/ricetta-paccheri-zucchine-gamberi-02-200x150.jpg 200w, https:\/\/hotelmenapace.it\/wp-content\/uploads\/ricetta-paccheri-zucchine-gamberi-02-300x225.jpg 300w, https:\/\/hotelmenapace.it\/wp-content\/uploads\/ricetta-paccheri-zucchine-gamberi-02-400x300.jpg 400w, https:\/\/hotelmenapace.it\/wp-content\/uploads\/ricetta-paccheri-zucchine-gamberi-02-500x375.jpg 500w, https:\/\/hotelmenapace.it\/wp-content\/uploads\/ricetta-paccheri-zucchine-gamberi-02-600x450.jpg 600w, https:\/\/hotelmenapace.it\/wp-content\/uploads\/ricetta-paccheri-zucchine-gamberi-02-768x576.jpg 768w, https:\/\/hotelmenapace.it\/wp-content\/uploads\/ricetta-paccheri-zucchine-gamberi-02-800x600.jpg 800w, https:\/\/hotelmenapace.it\/wp-content\/uploads\/ricetta-paccheri-zucchine-gamberi-02.jpg 900w\" data-sizes=\"auto\" \/><\/a>\n\t\t\t<\/dt><\/dl><dl class='gallery-item'>\n\t\t\t<dt class='gallery-icon landscape'>\n\t\t\t\t<a data-rel=\"iLightbox[postimages]\" data-title=\"ricetta-paccheri-zucchine-gamberi-03\" data-caption=\"\" href='https:\/\/hotelmenapace.it\/de\/ricetta-paccheri-zucchine-gamberi-03-2\/'><img decoding=\"async\" width=\"300\" height=\"225\" src=\"https:\/\/hotelmenapace.it\/wp-content\/uploads\/ricetta-paccheri-zucchine-gamberi-03-300x225.jpg\" class=\"attachment-medium size-medium lazyload\" alt=\"\" srcset=\"data:image\/svg+xml,%3Csvg%20xmlns%3D%27http%3A%2F%2Fwww.w3.org%2F2000%2Fsvg%27%20width%3D%27900%27%20height%3D%27675%27%20viewBox%3D%270%200%20900%20675%27%3E%3Crect%20width%3D%27900%27%20height%3D%27675%27%20fill-opacity%3D%220%22%2F%3E%3C%2Fsvg%3E\" data-orig-src=\"https:\/\/hotelmenapace.it\/wp-content\/uploads\/ricetta-paccheri-zucchine-gamberi-03-300x225.jpg\" data-srcset=\"https:\/\/hotelmenapace.it\/wp-content\/uploads\/ricetta-paccheri-zucchine-gamberi-03-200x150.jpg 200w, https:\/\/hotelmenapace.it\/wp-content\/uploads\/ricetta-paccheri-zucchine-gamberi-03-300x225.jpg 300w, https:\/\/hotelmenapace.it\/wp-content\/uploads\/ricetta-paccheri-zucchine-gamberi-03-400x300.jpg 400w, https:\/\/hotelmenapace.it\/wp-content\/uploads\/ricetta-paccheri-zucchine-gamberi-03-500x375.jpg 500w, https:\/\/hotelmenapace.it\/wp-content\/uploads\/ricetta-paccheri-zucchine-gamberi-03-600x450.jpg 600w, https:\/\/hotelmenapace.it\/wp-content\/uploads\/ricetta-paccheri-zucchine-gamberi-03-768x576.jpg 768w, https:\/\/hotelmenapace.it\/wp-content\/uploads\/ricetta-paccheri-zucchine-gamberi-03-800x600.jpg 800w, https:\/\/hotelmenapace.it\/wp-content\/uploads\/ricetta-paccheri-zucchine-gamberi-03.jpg 900w\" data-sizes=\"auto\" \/><\/a>\n\t\t\t<\/dt><\/dl><br style=\"clear: both\" \/>\n\t\t<\/div>\n\n<\/p><\/div>\n<div class=\"wprm-fallback-recipe-meta\">\n\t\t\t<\/div>\n<\/div>\n<p><!--End WPRM Recipe--><\/p>\n","protected":false},"excerpt":{"rendered":"<p>\u201cPaccheri Nudeln\u201d, Zucchini, Garnellen 180 gr. Paccheri Nudeln 2 Zucchini 30 gr. Garnelenschw\u00e4nze Oliven\u00f6l Salz u. Pfeffer Zucchini im Wurfel schneiden und im Oel, Salz <a href=\"https:\/\/hotelmenapace.it\/de\/paccheri-nudeln-mit-zucchini-und-garnellen\/\"> [&#8230;]<\/a><\/p>\n","protected":false},"author":1,"featured_media":6468,"comment_status":"closed","ping_status":"closed","sticky":false,"template":"","format":"standard","meta":{"ngg_post_thumbnail":0,"footnotes":""},"categories":[211],"tags":[],"class_list":["post-6872","post","type-post","status-publish","format-standard","has-post-thumbnail","hentry","category-rezepte"],"yoast_head":"<!-- This site is optimized with the Yoast SEO plugin v27.5 - https:\/\/yoast.com\/product\/yoast-seo-wordpress\/ -->\n<title>\u201cPaccheri Nudeln\u201d mit Zucchini und Garnellen - Hotel Menapace<\/title>\n<meta name=\"robots\" content=\"index, follow, max-snippet:-1, max-image-preview:large, max-video-preview:-1\" \/>\n<link rel=\"canonical\" href=\"https:\/\/hotelmenapace.it\/de\/paccheri-nudeln-mit-zucchini-und-garnellen\/\" \/>\n<meta property=\"og:locale\" content=\"de_DE\" \/>\n<meta property=\"og:type\" content=\"article\" \/>\n<meta property=\"og:title\" content=\"\u201cPaccheri Nudeln\u201d mit Zucchini und Garnellen - Hotel Menapace\" \/>\n<meta property=\"og:description\" content=\"\u201cPaccheri Nudeln\u201d, Zucchini, Garnellen 180 gr. Paccheri Nudeln 2 Zucchini 30 gr. Garnelenschw\u00e4nze Oliven\u00f6l Salz u. Pfeffer Zucchini im Wurfel schneiden und im Oel, Salz [...]\" \/>\n<meta property=\"og:url\" content=\"https:\/\/hotelmenapace.it\/de\/paccheri-nudeln-mit-zucchini-und-garnellen\/\" \/>\n<meta property=\"og:site_name\" content=\"Hotel Menapace\" \/>\n<meta property=\"article:published_time\" content=\"2023-07-06T19:57:46+00:00\" \/>\n<meta property=\"og:image\" content=\"https:\/\/hotelmenapace.it\/wp-content\/uploads\/ricetta-paccheri-zucchine-gamberi-01.jpg\" \/>\n\t<meta property=\"og:image:width\" content=\"900\" \/>\n\t<meta property=\"og:image:height\" content=\"675\" \/>\n\t<meta property=\"og:image:type\" content=\"image\/jpeg\" \/>\n<meta name=\"author\" content=\"admin\" \/>\n<meta name=\"twitter:card\" content=\"summary_large_image\" \/>\n<meta name=\"twitter:label1\" content=\"Verfasst von\" \/>\n\t<meta name=\"twitter:data1\" content=\"admin\" \/>\n<script type=\"application\/ld+json\" class=\"yoast-schema-graph\">{\"@context\":\"https:\\\/\\\/schema.org\",\"@graph\":[{\"@type\":\"Article\",\"@id\":\"https:\\\/\\\/hotelmenapace.it\\\/de\\\/paccheri-nudeln-mit-zucchini-und-garnellen\\\/#article\",\"isPartOf\":{\"@id\":\"https:\\\/\\\/hotelmenapace.it\\\/de\\\/paccheri-nudeln-mit-zucchini-und-garnellen\\\/\"},\"author\":{\"name\":\"admin\",\"@id\":\"\\\/#\\\/schema\\\/person\\\/313a67f22008d666ea61dfeb50f45c6c\"},\"headline\":\"\u201cPaccheri Nudeln\u201d mit Zucchini und Garnellen\",\"datePublished\":\"2023-07-06T19:57:46+00:00\",\"mainEntityOfPage\":{\"@id\":\"https:\\\/\\\/hotelmenapace.it\\\/de\\\/paccheri-nudeln-mit-zucchini-und-garnellen\\\/\"},\"wordCount\":106,\"image\":{\"@id\":\"https:\\\/\\\/hotelmenapace.it\\\/de\\\/paccheri-nudeln-mit-zucchini-und-garnellen\\\/#primaryimage\"},\"thumbnailUrl\":\"https:\\\/\\\/hotelmenapace.it\\\/wp-content\\\/uploads\\\/ricetta-paccheri-zucchine-gamberi-01.jpg\",\"articleSection\":[\"Rezepte\"],\"inLanguage\":\"de\"},{\"@type\":\"WebPage\",\"@id\":\"https:\\\/\\\/hotelmenapace.it\\\/de\\\/paccheri-nudeln-mit-zucchini-und-garnellen\\\/\",\"url\":\"https:\\\/\\\/hotelmenapace.it\\\/de\\\/paccheri-nudeln-mit-zucchini-und-garnellen\\\/\",\"name\":\"\u201cPaccheri Nudeln\u201d mit Zucchini und Garnellen - Hotel Menapace\",\"isPartOf\":{\"@id\":\"\\\/#website\"},\"primaryImageOfPage\":{\"@id\":\"https:\\\/\\\/hotelmenapace.it\\\/de\\\/paccheri-nudeln-mit-zucchini-und-garnellen\\\/#primaryimage\"},\"image\":{\"@id\":\"https:\\\/\\\/hotelmenapace.it\\\/de\\\/paccheri-nudeln-mit-zucchini-und-garnellen\\\/#primaryimage\"},\"thumbnailUrl\":\"https:\\\/\\\/hotelmenapace.it\\\/wp-content\\\/uploads\\\/ricetta-paccheri-zucchine-gamberi-01.jpg\",\"datePublished\":\"2023-07-06T19:57:46+00:00\",\"author\":{\"@id\":\"\\\/#\\\/schema\\\/person\\\/313a67f22008d666ea61dfeb50f45c6c\"},\"inLanguage\":\"de\",\"potentialAction\":[{\"@type\":\"ReadAction\",\"target\":[\"https:\\\/\\\/hotelmenapace.it\\\/de\\\/paccheri-nudeln-mit-zucchini-und-garnellen\\\/\"]}]},{\"@type\":\"ImageObject\",\"inLanguage\":\"de\",\"@id\":\"https:\\\/\\\/hotelmenapace.it\\\/de\\\/paccheri-nudeln-mit-zucchini-und-garnellen\\\/#primaryimage\",\"url\":\"https:\\\/\\\/hotelmenapace.it\\\/wp-content\\\/uploads\\\/ricetta-paccheri-zucchine-gamberi-01.jpg\",\"contentUrl\":\"https:\\\/\\\/hotelmenapace.it\\\/wp-content\\\/uploads\\\/ricetta-paccheri-zucchine-gamberi-01.jpg\",\"width\":900,\"height\":675},{\"@type\":\"WebSite\",\"@id\":\"\\\/#website\",\"url\":\"\\\/\",\"name\":\"Hotel Menapace\",\"description\":\"Pai - Torri del Benaco - Lago di Garda\",\"potentialAction\":[{\"@type\":\"SearchAction\",\"target\":{\"@type\":\"EntryPoint\",\"urlTemplate\":\"\\\/?s={search_term_string}\"},\"query-input\":{\"@type\":\"PropertyValueSpecification\",\"valueRequired\":true,\"valueName\":\"search_term_string\"}}],\"inLanguage\":\"de\"},{\"@type\":\"Person\",\"@id\":\"\\\/#\\\/schema\\\/person\\\/313a67f22008d666ea61dfeb50f45c6c\",\"name\":\"admin\",\"image\":{\"@type\":\"ImageObject\",\"inLanguage\":\"de\",\"@id\":\"https:\\\/\\\/secure.gravatar.com\\\/avatar\\\/bb16c298ba01be5f6e1bb98bc31fcc39f8c45f589113076c2684f905854dece5?s=96&d=mm&r=g\",\"url\":\"https:\\\/\\\/secure.gravatar.com\\\/avatar\\\/bb16c298ba01be5f6e1bb98bc31fcc39f8c45f589113076c2684f905854dece5?s=96&d=mm&r=g\",\"contentUrl\":\"https:\\\/\\\/secure.gravatar.com\\\/avatar\\\/bb16c298ba01be5f6e1bb98bc31fcc39f8c45f589113076c2684f905854dece5?s=96&d=mm&r=g\",\"caption\":\"admin\"},\"url\":\"https:\\\/\\\/hotelmenapace.it\\\/de\\\/author\\\/admin\\\/\"}]}<\/script>\n<!-- \/ Yoast SEO plugin. -->","yoast_head_json":{"title":"\u201cPaccheri Nudeln\u201d mit Zucchini und Garnellen - Hotel Menapace","robots":{"index":"index","follow":"follow","max-snippet":"max-snippet:-1","max-image-preview":"max-image-preview:large","max-video-preview":"max-video-preview:-1"},"canonical":"https:\/\/hotelmenapace.it\/de\/paccheri-nudeln-mit-zucchini-und-garnellen\/","og_locale":"de_DE","og_type":"article","og_title":"\u201cPaccheri Nudeln\u201d mit Zucchini und Garnellen - Hotel Menapace","og_description":"\u201cPaccheri Nudeln\u201d, Zucchini, Garnellen 180 gr. Paccheri Nudeln 2 Zucchini 30 gr. Garnelenschw\u00e4nze Oliven\u00f6l Salz u. Pfeffer Zucchini im Wurfel schneiden und im Oel, Salz [...]","og_url":"https:\/\/hotelmenapace.it\/de\/paccheri-nudeln-mit-zucchini-und-garnellen\/","og_site_name":"Hotel Menapace","article_published_time":"2023-07-06T19:57:46+00:00","og_image":[{"width":900,"height":675,"url":"https:\/\/hotelmenapace.it\/wp-content\/uploads\/ricetta-paccheri-zucchine-gamberi-01.jpg","type":"image\/jpeg"}],"author":"admin","twitter_card":"summary_large_image","twitter_misc":{"Verfasst von":"admin"},"schema":{"@context":"https:\/\/schema.org","@graph":[{"@type":"Article","@id":"https:\/\/hotelmenapace.it\/de\/paccheri-nudeln-mit-zucchini-und-garnellen\/#article","isPartOf":{"@id":"https:\/\/hotelmenapace.it\/de\/paccheri-nudeln-mit-zucchini-und-garnellen\/"},"author":{"name":"admin","@id":"\/#\/schema\/person\/313a67f22008d666ea61dfeb50f45c6c"},"headline":"\u201cPaccheri Nudeln\u201d mit Zucchini und Garnellen","datePublished":"2023-07-06T19:57:46+00:00","mainEntityOfPage":{"@id":"https:\/\/hotelmenapace.it\/de\/paccheri-nudeln-mit-zucchini-und-garnellen\/"},"wordCount":106,"image":{"@id":"https:\/\/hotelmenapace.it\/de\/paccheri-nudeln-mit-zucchini-und-garnellen\/#primaryimage"},"thumbnailUrl":"https:\/\/hotelmenapace.it\/wp-content\/uploads\/ricetta-paccheri-zucchine-gamberi-01.jpg","articleSection":["Rezepte"],"inLanguage":"de"},{"@type":"WebPage","@id":"https:\/\/hotelmenapace.it\/de\/paccheri-nudeln-mit-zucchini-und-garnellen\/","url":"https:\/\/hotelmenapace.it\/de\/paccheri-nudeln-mit-zucchini-und-garnellen\/","name":"\u201cPaccheri Nudeln\u201d mit Zucchini und Garnellen - Hotel Menapace","isPartOf":{"@id":"\/#website"},"primaryImageOfPage":{"@id":"https:\/\/hotelmenapace.it\/de\/paccheri-nudeln-mit-zucchini-und-garnellen\/#primaryimage"},"image":{"@id":"https:\/\/hotelmenapace.it\/de\/paccheri-nudeln-mit-zucchini-und-garnellen\/#primaryimage"},"thumbnailUrl":"https:\/\/hotelmenapace.it\/wp-content\/uploads\/ricetta-paccheri-zucchine-gamberi-01.jpg","datePublished":"2023-07-06T19:57:46+00:00","author":{"@id":"\/#\/schema\/person\/313a67f22008d666ea61dfeb50f45c6c"},"inLanguage":"de","potentialAction":[{"@type":"ReadAction","target":["https:\/\/hotelmenapace.it\/de\/paccheri-nudeln-mit-zucchini-und-garnellen\/"]}]},{"@type":"ImageObject","inLanguage":"de","@id":"https:\/\/hotelmenapace.it\/de\/paccheri-nudeln-mit-zucchini-und-garnellen\/#primaryimage","url":"https:\/\/hotelmenapace.it\/wp-content\/uploads\/ricetta-paccheri-zucchine-gamberi-01.jpg","contentUrl":"https:\/\/hotelmenapace.it\/wp-content\/uploads\/ricetta-paccheri-zucchine-gamberi-01.jpg","width":900,"height":675},{"@type":"WebSite","@id":"\/#website","url":"\/","name":"Hotel Menapace","description":"Pai - Torri del Benaco - Lago di Garda","potentialAction":[{"@type":"SearchAction","target":{"@type":"EntryPoint","urlTemplate":"\/?s={search_term_string}"},"query-input":{"@type":"PropertyValueSpecification","valueRequired":true,"valueName":"search_term_string"}}],"inLanguage":"de"},{"@type":"Person","@id":"\/#\/schema\/person\/313a67f22008d666ea61dfeb50f45c6c","name":"admin","image":{"@type":"ImageObject","inLanguage":"de","@id":"https:\/\/secure.gravatar.com\/avatar\/bb16c298ba01be5f6e1bb98bc31fcc39f8c45f589113076c2684f905854dece5?s=96&d=mm&r=g","url":"https:\/\/secure.gravatar.com\/avatar\/bb16c298ba01be5f6e1bb98bc31fcc39f8c45f589113076c2684f905854dece5?s=96&d=mm&r=g","contentUrl":"https:\/\/secure.gravatar.com\/avatar\/bb16c298ba01be5f6e1bb98bc31fcc39f8c45f589113076c2684f905854dece5?s=96&d=mm&r=g","caption":"admin"},"url":"https:\/\/hotelmenapace.it\/de\/author\/admin\/"}]}},"_links":{"self":[{"href":"https:\/\/hotelmenapace.it\/de\/wp-json\/wp\/v2\/posts\/6872","targetHints":{"allow":["GET"]}}],"collection":[{"href":"https:\/\/hotelmenapace.it\/de\/wp-json\/wp\/v2\/posts"}],"about":[{"href":"https:\/\/hotelmenapace.it\/de\/wp-json\/wp\/v2\/types\/post"}],"author":[{"embeddable":true,"href":"https:\/\/hotelmenapace.it\/de\/wp-json\/wp\/v2\/users\/1"}],"replies":[{"embeddable":true,"href":"https:\/\/hotelmenapace.it\/de\/wp-json\/wp\/v2\/comments?post=6872"}],"version-history":[{"count":1,"href":"https:\/\/hotelmenapace.it\/de\/wp-json\/wp\/v2\/posts\/6872\/revisions"}],"predecessor-version":[{"id":6875,"href":"https:\/\/hotelmenapace.it\/de\/wp-json\/wp\/v2\/posts\/6872\/revisions\/6875"}],"wp:featuredmedia":[{"embeddable":true,"href":"https:\/\/hotelmenapace.it\/de\/wp-json\/wp\/v2\/media\/6468"}],"wp:attachment":[{"href":"https:\/\/hotelmenapace.it\/de\/wp-json\/wp\/v2\/media?parent=6872"}],"wp:term":[{"taxonomy":"category","embeddable":true,"href":"https:\/\/hotelmenapace.it\/de\/wp-json\/wp\/v2\/categories?post=6872"},{"taxonomy":"post_tag","embeddable":true,"href":"https:\/\/hotelmenapace.it\/de\/wp-json\/wp\/v2\/tags?post=6872"}],"curies":[{"name":"wp","href":"https:\/\/api.w.org\/{rel}","templated":true}]}}