{"id":1555,"date":"2016-05-16T10:45:32","date_gmt":"2016-05-16T10:45:32","guid":{"rendered":"http:\/\/hotelmenapace.it\/de\/?p=1555"},"modified":"2020-04-16T19:36:26","modified_gmt":"2020-04-16T19:36:26","slug":"torri-del-benaco-gardasee","status":"publish","type":"post","link":"https:\/\/hotelmenapace.it\/de\/torri-del-benaco-gardasee\/","title":{"rendered":"Torri del Benaco Gardasee"},"content":{"rendered":"<p>TORRI DEL BENACO<\/p>\n<p>Ein Ort zum Verlieben&#8230;<\/p>\n<p>&#8222;Das kleine St\u00e4dtchen Torri wurde bereits im pr\u00e4historischen Zeitalter bewohnt.<\/p>\n<p>Sein Name leitet sich von &#8222;Tulles&#8220; ab ein antikes V\u00f6lkchen, das diesen Ort zu seinem Hauptumschlagszentrum machte. <!--more--><\/p>\n<p>Unter r\u00f6mischer Besatzung nannte man es sp\u00e4ter dann&#8220; Castrum turrium&#8220;, und dank seiner guten Position war es ein wichtiger milit\u00e4rischer Strategiesturzpunkt.<\/p>\n<p>Danach wurde es von den Longobarden besetzt, und am Anfang des 10. Jahrhunderts suchte hier Berengario I, der K\u00f6nig von Italien, Zuflucht.<\/p>\n<p>Der K\u00f6nig ordnete an, Stadtmauern zu errichten. Diese sind teilweise heute noch erhalten.<\/p>\n<p>Und auch eine Festungsburg zu erbauen, von dem heute noch der Turm erhalten blieb, von dem man aus eine herrliche Aussicht auf den Gardasee hat.<\/p>\n<p>W\u00e4hrend des 11. Jahrhunderts geh\u00f6rte Torri zur Contea del Garda.<\/p>\n<p>Im Jahre 1193 wurde es der Stadt Verona eingemeindet, dann von den Skaligern (Herren von Verona) besetzt. Deren F\u00fchrer Antonio della Scala lie\u00df im 1383 das Schloss wiederaufbauen.<\/p>\n<p>Aus der Skaligerzeit stammt auch der antike Turm &#8222;Torre dell&#8217;Orologio&#8220;, der in der N\u00e4he der Pfarrkirche steht.<\/p>\n<p>Es folgte dann eine kurze Besatzung der Adelsfamilie Visconti aus Milano, gefolgt von der Familie Carraresi aus Padova.<\/p>\n<p>Im Jahre 1405 kam Torri unter die Herrschaft der &#8222;Repubblica Veneziana&#8220;.<\/p>\n<p>Wurde Hauptsitz des &#8222;Consiglio della Gardesana dell&#8217;Acqua&#8220;, ein Gremium, das die Wasserrechte des Sees bestimmte, die Steuem festsetzte und den Schwarzmarkt kontrollierte.<\/p>\n<p>Das Gremium residierte im Palast&#8220; Palazzo della Gardesana&#8220; (14. Jahrhundert), am Hafen von Torri.<\/p>\n<p>Vorjeder Versammlung begaben sich die Mitglieder des &#8220; Consiglio &#8220; zu einer Messe in die Kapelle &#8222;SS. Trinit\u00e0&#8220;. Diese kleine Kirche stammt aus dem 14. Jahrhundert, innen kann man wertvolle Fresken aus dem 13. und 14. Jahrhundert bewundern.<\/p>\n<p>Torri bl\u00fchte wirtschaftlich auf. Einige Pall\u00e4ste zeugen von diesem Reichtum.<\/p>\n<p>Zu nennen ist der &#8222;Palazzo Marai- Mari&#8220; in der kleinen Gasse &#8222;Vicolo Cairoli&#8220;.<br \/>\nDann die H\u00e4user, die sich um den Hafen reihen, ganz besonders schon &#8220; La Casa dei Vicari &#8222;.<\/p>\n<p>Interessant ist die Pfarrkirche, sie wurde am Anfang des 18. Jahrhunderts errichtet, in reinem Barockstil.<\/p>\n<p>Im Kirchenschiff befinden sich wertvolle Alture aus dem 17. Jahrhundert, von den K\u00fcnstlern Cristoforo und Teodoro Benedetti aus Trento.<\/p>\n<p>Die zeitgen\u00f6ssischen Altartafeln stammen von den ber\u00fchmten Malern Simone Brentana, Pietro Rotari und Felice Boscaratti.<\/p>\n<p>Wundervoll die Orgel, die in den Jahren 1742 \u2014 1744 von Giuseppe und Angelo Bonatti aus Desenzano erbaut wurde.<\/p>\n<p>Zu den &#8222;ber\u00fchmten Pers\u00f6nlichkeiten&#8220; aus Torri geh\u00f6rt der Humanist Domizio Calderini, der 1444 in Torri geboren wurde eine Marmorstatue in der Kapelle&#8220; SS. Trinit\u00e0&#8220; erinnert an ihn.&#8220;<\/p>\n<p>Credits: Professor Giorgio Vedovelli &#8211; &#8222;Itinerari alle incisioni rupestri di Torri del Benaco e Garda&#8220;<\/p>\n<hr>\n<h3>Galleria Torri del Benaco<\/h3>\nngg_shortcode_0_placeholder\n<h3>Prospetto Castello Scaligero di Torri del Benaco<\/h3>\n<div class=\"well\">\n<!--you can copy the below code to your htm \npage-----------------------------begin---><br \/>\n<!--change the width and height value as you want.--><br \/>\n<!-- Do change \"index.htm\" to your real html name of the flippingbook--><br \/>\n<iframe  style=\"width:100%;height:375px\"  src=\"http:\/\/online.pubhtml5.com\/xyve\/qbcg\/index.html\"  \nseamless=\"seamless\" scrolling=\"no\" frameborder=\"0\" \nallowtransparency=\"true\" allowfullscreen=\"true\"><\/iframe><\/p>\n<p><!--you can copy the above code to your htm \npage-----------------------------end--->  <\/p>\n<\/div>\n<hr>\n<h3>Video Torri del Benaco<\/h3>\n<div class=\"well\">\n<iframe width=\"100%\" height=\"375\" src=\"https:\/\/www.youtube.com\/embed\/N7Y6b3qbt9w\" frameborder=\"0\" allowfullscreen><\/iframe>\n<\/div>\n","protected":false},"excerpt":{"rendered":"<p>TORRI DEL BENACO Ein Ort zum Verlieben&#8230; &#8222;Das kleine St\u00e4dtchen Torri wurde bereits im pr\u00e4historischen Zeitalter bewohnt. Sein Name leitet sich von &#8222;Tulles&#8220; ab ein <a href=\"https:\/\/hotelmenapace.it\/de\/torri-del-benaco-gardasee\/\"> [&#8230;]<\/a><\/p>\n","protected":false},"author":1,"featured_media":1557,"comment_status":"closed","ping_status":"closed","sticky":false,"template":"","format":"standard","meta":{"ngg_post_thumbnail":0,"footnotes":""},"categories":[42,31,13],"tags":[],"class_list":["post-1555","post","type-post","status-publish","format-standard","has-post-thumbnail","hentry","category-besichtigung","category-gardasee-urlaub","category-info-torri"],"yoast_head":"<!-- This site is optimized with the Yoast SEO plugin v27.4 - https:\/\/yoast.com\/product\/yoast-seo-wordpress\/ -->\n<title>Torri del Benaco Gardasee - Hotel Menapace<\/title>\n<meta name=\"robots\" content=\"index, follow, max-snippet:-1, max-image-preview:large, max-video-preview:-1\" \/>\n<link rel=\"canonical\" href=\"https:\/\/hotelmenapace.it\/torri-del-benaco\/\" \/>\n<meta property=\"og:locale\" content=\"de_DE\" \/>\n<meta property=\"og:type\" content=\"article\" \/>\n<meta property=\"og:title\" content=\"Torri del Benaco Gardasee - Hotel Menapace\" \/>\n<meta property=\"og:description\" content=\"TORRI DEL BENACO Ein Ort zum Verlieben&#8230; &#8222;Das kleine St\u00e4dtchen Torri wurde bereits im pr\u00e4historischen Zeitalter bewohnt. Sein Name leitet sich von &#8222;Tulles&#8220; ab ein [...]\" \/>\n<meta property=\"og:url\" content=\"https:\/\/hotelmenapace.it\/torri-del-benaco\/\" \/>\n<meta property=\"og:site_name\" content=\"Hotel Menapace\" \/>\n<meta property=\"article:published_time\" content=\"2016-05-16T10:45:32+00:00\" \/>\n<meta property=\"article:modified_time\" content=\"2020-04-16T19:36:26+00:00\" \/>\n<meta property=\"og:image\" content=\"https:\/\/hotelmenapace.it\/wp-content\/uploads\/torri-del-benaco-lago-di-garda.jpg\" \/>\n\t<meta property=\"og:image:width\" content=\"1024\" \/>\n\t<meta property=\"og:image:height\" content=\"341\" \/>\n\t<meta property=\"og:image:type\" content=\"image\/jpeg\" \/>\n<meta name=\"author\" content=\"admin\" \/>\n<meta name=\"twitter:card\" content=\"summary_large_image\" \/>\n<meta name=\"twitter:label1\" content=\"Verfasst von\" \/>\n\t<meta name=\"twitter:data1\" content=\"admin\" \/>\n\t<meta name=\"twitter:label2\" content=\"Gesch\u00e4tzte Lesezeit\" \/>\n\t<meta name=\"twitter:data2\" content=\"2\u00a0Minuten\" \/>\n<script type=\"application\/ld+json\" class=\"yoast-schema-graph\">{\"@context\":\"https:\\\/\\\/schema.org\",\"@graph\":[{\"@type\":\"Article\",\"@id\":\"https:\\\/\\\/hotelmenapace.it\\\/torri-del-benaco\\\/#article\",\"isPartOf\":{\"@id\":\"https:\\\/\\\/hotelmenapace.it\\\/torri-del-benaco\\\/\"},\"author\":{\"name\":\"admin\",\"@id\":\"\\\/#\\\/schema\\\/person\\\/313a67f22008d666ea61dfeb50f45c6c\"},\"headline\":\"Torri del Benaco Gardasee\",\"datePublished\":\"2016-05-16T10:45:32+00:00\",\"dateModified\":\"2020-04-16T19:36:26+00:00\",\"mainEntityOfPage\":{\"@id\":\"https:\\\/\\\/hotelmenapace.it\\\/torri-del-benaco\\\/\"},\"wordCount\":449,\"image\":{\"@id\":\"https:\\\/\\\/hotelmenapace.it\\\/torri-del-benaco\\\/#primaryimage\"},\"thumbnailUrl\":\"https:\\\/\\\/hotelmenapace.it\\\/wp-content\\\/uploads\\\/torri-del-benaco-lago-di-garda.jpg\",\"articleSection\":[\"Besichtigung\",\"Gardasee Urlaub\",\"Info Torri\"],\"inLanguage\":\"de\"},{\"@type\":\"WebPage\",\"@id\":\"https:\\\/\\\/hotelmenapace.it\\\/torri-del-benaco\\\/\",\"url\":\"https:\\\/\\\/hotelmenapace.it\\\/torri-del-benaco\\\/\",\"name\":\"Torri del Benaco Gardasee - Hotel Menapace\",\"isPartOf\":{\"@id\":\"\\\/#website\"},\"primaryImageOfPage\":{\"@id\":\"https:\\\/\\\/hotelmenapace.it\\\/torri-del-benaco\\\/#primaryimage\"},\"image\":{\"@id\":\"https:\\\/\\\/hotelmenapace.it\\\/torri-del-benaco\\\/#primaryimage\"},\"thumbnailUrl\":\"https:\\\/\\\/hotelmenapace.it\\\/wp-content\\\/uploads\\\/torri-del-benaco-lago-di-garda.jpg\",\"datePublished\":\"2016-05-16T10:45:32+00:00\",\"dateModified\":\"2020-04-16T19:36:26+00:00\",\"author\":{\"@id\":\"\\\/#\\\/schema\\\/person\\\/313a67f22008d666ea61dfeb50f45c6c\"},\"inLanguage\":\"de\",\"potentialAction\":[{\"@type\":\"ReadAction\",\"target\":[\"https:\\\/\\\/hotelmenapace.it\\\/torri-del-benaco\\\/\"]}]},{\"@type\":\"ImageObject\",\"inLanguage\":\"de\",\"@id\":\"https:\\\/\\\/hotelmenapace.it\\\/torri-del-benaco\\\/#primaryimage\",\"url\":\"https:\\\/\\\/hotelmenapace.it\\\/wp-content\\\/uploads\\\/torri-del-benaco-lago-di-garda.jpg\",\"contentUrl\":\"https:\\\/\\\/hotelmenapace.it\\\/wp-content\\\/uploads\\\/torri-del-benaco-lago-di-garda.jpg\",\"width\":1024,\"height\":341},{\"@type\":\"WebSite\",\"@id\":\"\\\/#website\",\"url\":\"\\\/\",\"name\":\"Hotel Menapace\",\"description\":\"Pai - Torri del Benaco - Lago di Garda\",\"potentialAction\":[{\"@type\":\"SearchAction\",\"target\":{\"@type\":\"EntryPoint\",\"urlTemplate\":\"\\\/?s={search_term_string}\"},\"query-input\":{\"@type\":\"PropertyValueSpecification\",\"valueRequired\":true,\"valueName\":\"search_term_string\"}}],\"inLanguage\":\"de\"},{\"@type\":\"Person\",\"@id\":\"\\\/#\\\/schema\\\/person\\\/313a67f22008d666ea61dfeb50f45c6c\",\"name\":\"admin\",\"image\":{\"@type\":\"ImageObject\",\"inLanguage\":\"de\",\"@id\":\"https:\\\/\\\/secure.gravatar.com\\\/avatar\\\/bb16c298ba01be5f6e1bb98bc31fcc39f8c45f589113076c2684f905854dece5?s=96&d=mm&r=g\",\"url\":\"https:\\\/\\\/secure.gravatar.com\\\/avatar\\\/bb16c298ba01be5f6e1bb98bc31fcc39f8c45f589113076c2684f905854dece5?s=96&d=mm&r=g\",\"contentUrl\":\"https:\\\/\\\/secure.gravatar.com\\\/avatar\\\/bb16c298ba01be5f6e1bb98bc31fcc39f8c45f589113076c2684f905854dece5?s=96&d=mm&r=g\",\"caption\":\"admin\"},\"url\":\"https:\\\/\\\/hotelmenapace.it\\\/de\\\/author\\\/admin\\\/\"}]}<\/script>\n<!-- \/ Yoast SEO plugin. -->","yoast_head_json":{"title":"Torri del Benaco Gardasee - Hotel Menapace","robots":{"index":"index","follow":"follow","max-snippet":"max-snippet:-1","max-image-preview":"max-image-preview:large","max-video-preview":"max-video-preview:-1"},"canonical":"https:\/\/hotelmenapace.it\/torri-del-benaco\/","og_locale":"de_DE","og_type":"article","og_title":"Torri del Benaco Gardasee - Hotel Menapace","og_description":"TORRI DEL BENACO Ein Ort zum Verlieben&#8230; &#8222;Das kleine St\u00e4dtchen Torri wurde bereits im pr\u00e4historischen Zeitalter bewohnt. Sein Name leitet sich von &#8222;Tulles&#8220; ab ein [...]","og_url":"https:\/\/hotelmenapace.it\/torri-del-benaco\/","og_site_name":"Hotel Menapace","article_published_time":"2016-05-16T10:45:32+00:00","article_modified_time":"2020-04-16T19:36:26+00:00","og_image":[{"width":1024,"height":341,"url":"https:\/\/hotelmenapace.it\/wp-content\/uploads\/torri-del-benaco-lago-di-garda.jpg","type":"image\/jpeg"}],"author":"admin","twitter_card":"summary_large_image","twitter_misc":{"Verfasst von":"admin","Gesch\u00e4tzte Lesezeit":"2\u00a0Minuten"},"schema":{"@context":"https:\/\/schema.org","@graph":[{"@type":"Article","@id":"https:\/\/hotelmenapace.it\/torri-del-benaco\/#article","isPartOf":{"@id":"https:\/\/hotelmenapace.it\/torri-del-benaco\/"},"author":{"name":"admin","@id":"\/#\/schema\/person\/313a67f22008d666ea61dfeb50f45c6c"},"headline":"Torri del Benaco Gardasee","datePublished":"2016-05-16T10:45:32+00:00","dateModified":"2020-04-16T19:36:26+00:00","mainEntityOfPage":{"@id":"https:\/\/hotelmenapace.it\/torri-del-benaco\/"},"wordCount":449,"image":{"@id":"https:\/\/hotelmenapace.it\/torri-del-benaco\/#primaryimage"},"thumbnailUrl":"https:\/\/hotelmenapace.it\/wp-content\/uploads\/torri-del-benaco-lago-di-garda.jpg","articleSection":["Besichtigung","Gardasee Urlaub","Info Torri"],"inLanguage":"de"},{"@type":"WebPage","@id":"https:\/\/hotelmenapace.it\/torri-del-benaco\/","url":"https:\/\/hotelmenapace.it\/torri-del-benaco\/","name":"Torri del Benaco Gardasee - Hotel Menapace","isPartOf":{"@id":"\/#website"},"primaryImageOfPage":{"@id":"https:\/\/hotelmenapace.it\/torri-del-benaco\/#primaryimage"},"image":{"@id":"https:\/\/hotelmenapace.it\/torri-del-benaco\/#primaryimage"},"thumbnailUrl":"https:\/\/hotelmenapace.it\/wp-content\/uploads\/torri-del-benaco-lago-di-garda.jpg","datePublished":"2016-05-16T10:45:32+00:00","dateModified":"2020-04-16T19:36:26+00:00","author":{"@id":"\/#\/schema\/person\/313a67f22008d666ea61dfeb50f45c6c"},"inLanguage":"de","potentialAction":[{"@type":"ReadAction","target":["https:\/\/hotelmenapace.it\/torri-del-benaco\/"]}]},{"@type":"ImageObject","inLanguage":"de","@id":"https:\/\/hotelmenapace.it\/torri-del-benaco\/#primaryimage","url":"https:\/\/hotelmenapace.it\/wp-content\/uploads\/torri-del-benaco-lago-di-garda.jpg","contentUrl":"https:\/\/hotelmenapace.it\/wp-content\/uploads\/torri-del-benaco-lago-di-garda.jpg","width":1024,"height":341},{"@type":"WebSite","@id":"\/#website","url":"\/","name":"Hotel Menapace","description":"Pai - Torri del Benaco - Lago di Garda","potentialAction":[{"@type":"SearchAction","target":{"@type":"EntryPoint","urlTemplate":"\/?s={search_term_string}"},"query-input":{"@type":"PropertyValueSpecification","valueRequired":true,"valueName":"search_term_string"}}],"inLanguage":"de"},{"@type":"Person","@id":"\/#\/schema\/person\/313a67f22008d666ea61dfeb50f45c6c","name":"admin","image":{"@type":"ImageObject","inLanguage":"de","@id":"https:\/\/secure.gravatar.com\/avatar\/bb16c298ba01be5f6e1bb98bc31fcc39f8c45f589113076c2684f905854dece5?s=96&d=mm&r=g","url":"https:\/\/secure.gravatar.com\/avatar\/bb16c298ba01be5f6e1bb98bc31fcc39f8c45f589113076c2684f905854dece5?s=96&d=mm&r=g","contentUrl":"https:\/\/secure.gravatar.com\/avatar\/bb16c298ba01be5f6e1bb98bc31fcc39f8c45f589113076c2684f905854dece5?s=96&d=mm&r=g","caption":"admin"},"url":"https:\/\/hotelmenapace.it\/de\/author\/admin\/"}]}},"_links":{"self":[{"href":"https:\/\/hotelmenapace.it\/de\/wp-json\/wp\/v2\/posts\/1555","targetHints":{"allow":["GET"]}}],"collection":[{"href":"https:\/\/hotelmenapace.it\/de\/wp-json\/wp\/v2\/posts"}],"about":[{"href":"https:\/\/hotelmenapace.it\/de\/wp-json\/wp\/v2\/types\/post"}],"author":[{"embeddable":true,"href":"https:\/\/hotelmenapace.it\/de\/wp-json\/wp\/v2\/users\/1"}],"replies":[{"embeddable":true,"href":"https:\/\/hotelmenapace.it\/de\/wp-json\/wp\/v2\/comments?post=1555"}],"version-history":[{"count":2,"href":"https:\/\/hotelmenapace.it\/de\/wp-json\/wp\/v2\/posts\/1555\/revisions"}],"predecessor-version":[{"id":1558,"href":"https:\/\/hotelmenapace.it\/de\/wp-json\/wp\/v2\/posts\/1555\/revisions\/1558"}],"wp:featuredmedia":[{"embeddable":true,"href":"https:\/\/hotelmenapace.it\/de\/wp-json\/wp\/v2\/media\/1557"}],"wp:attachment":[{"href":"https:\/\/hotelmenapace.it\/de\/wp-json\/wp\/v2\/media?parent=1555"}],"wp:term":[{"taxonomy":"category","embeddable":true,"href":"https:\/\/hotelmenapace.it\/de\/wp-json\/wp\/v2\/categories?post=1555"},{"taxonomy":"post_tag","embeddable":true,"href":"https:\/\/hotelmenapace.it\/de\/wp-json\/wp\/v2\/tags?post=1555"}],"curies":[{"name":"wp","href":"https:\/\/api.w.org\/{rel}","templated":true}]}}